{"id":2128,"date":"2021-08-05T09:16:36","date_gmt":"2021-08-05T07:16:36","guid":{"rendered":"https:\/\/develop.immobilienbusiness.ch\/de\/allgemein\/2021-08-05\/bern-lidl-eroffnet-filiale-im-loeb\/"},"modified":"2021-08-05T09:16:36","modified_gmt":"2021-08-05T07:16:36","slug":"bern-lidl-eroffnet-filiale-im-loeb","status":"publish","type":"post","link":"https:\/\/develop.immobilienbusiness.ch\/de\/ib\/2021-08-05\/bern-lidl-eroffnet-filiale-im-loeb\/","title":{"rendered":"Bern: Lidl er\u00f6ffnet Filiale im Loeb"},"content":{"rendered":"<p><span><span><span><span lang=\"DE\" xml:lang=\"DE\" xml:lang=\"DE\"><span>Lidl Schweiz belegt im Untergeschoss des Warenhauses Loeb an der Spitalgasse 47-51 eine Gesamtmietfl\u00e4che von 2.000 qm, davon sind 850 qm Verkaufsfl\u00e4che. Angeboten werden mehr als 2.000 Produkte des t\u00e4glichen Bedarfs. <\/span><\/span><span><span>Die Filiale <\/span><\/span><span lang=\"DE\" xml:lang=\"DE\" xml:lang=\"DE\"><span>ist \u00fcber die drei Haupteing\u00e4nge des Loeb-Warenhauses zug\u00e4nglich, aber auch direkt \u00fcber die <\/span><\/span><span><span>Bahnhofspassage. <\/span><\/span><\/span><\/span><\/span><\/p>\n<p><span><span><span><span lang=\"DE\" xml:lang=\"DE\" xml:lang=\"DE\"><span>Eigenen Angaben zufolge hat Lidl rund 5 Mio. CHF in die neue Innenstadtfiliale investiert. <\/span><\/span><span><span>D<\/span><\/span><span lang=\"DE\" xml:lang=\"DE\" xml:lang=\"DE\"><span>ie Umbauarbeiten dauerten ein knappes halbes Jahr und erfolgten nach der BIM-Methode (<\/span><\/span><span><span>Building Information Modeling)<\/span><\/span><span lang=\"DE\" xml:lang=\"DE\" xml:lang=\"DE\"><span>. D<\/span><\/span><span><span>as Ladenlayout <\/span><\/span><span lang=\"DE\" xml:lang=\"DE\" xml:lang=\"DE\"><span>sei<\/span><\/span><span><span> nach einem eigens kreierte<\/span><\/span><span lang=\"DE\" xml:lang=\"DE\" xml:lang=\"DE\"><span>n<\/span><\/span><span><span> Konzept gestaltet und an das Erscheinungsbild des Warenhauses<\/span><\/span><span lang=\"DE\" xml:lang=\"DE\" xml:lang=\"DE\"><span> Loeb<\/span><\/span><span><span> angepasst<\/span><\/span><span lang=\"DE\" xml:lang=\"DE\" xml:lang=\"DE\"><span> worden, teilt der Nahversorger weiter mit. <\/span><\/span><span><span>Torsten Friedrich, CEO von Lidl Schweiz, <\/span><\/span><span lang=\"DE\" xml:lang=\"DE\" xml:lang=\"DE\"><span>bezeichnet die <\/span><\/span><span><span>Neuer\u00f6ffnung <\/span><\/span><span lang=\"DE\" xml:lang=\"DE\" xml:lang=\"DE\"><span>als einen \u00ab<\/span><\/span><span><span>Meilenstein\u00bb<\/span><\/span><span lang=\"DE\" xml:lang=\"DE\" xml:lang=\"DE\"><span>. <\/span><\/span><span><span>Mit <\/span><\/span><span lang=\"DE\" xml:lang=\"DE\" xml:lang=\"DE\"><span>dem neuen Gesch\u00e4ft <\/span><\/span><span><span>im Warenhaus Loeb in Bern <\/span><\/span><span lang=\"DE\" xml:lang=\"DE\" xml:lang=\"DE\"><span>man <\/span><\/span><span><span>eine Filiale an Bestlage<\/span><\/span><span lang=\"DE\" xml:lang=\"DE\" xml:lang=\"DE\"><span>, sagte er.<\/span><\/span><\/span><\/span><\/span><\/p>\n<p><span><span><span><span lang=\"DE\" xml:lang=\"DE\" xml:lang=\"DE\"><span>Um die neue Filiale bekannt zu machen, wird in <\/span><\/span><span><span>einem Schaufenster <\/span><\/span><span lang=\"DE\" xml:lang=\"DE\" xml:lang=\"DE\"><span>von <\/span><\/span><span><span>Loeb im Erdgeschoss <\/span><\/span><span lang=\"DE\" xml:lang=\"DE\" xml:lang=\"DE\"><span>vor\u00fcbergehend <\/span><\/span><span><span>ein Pop-up Lidl-Store <\/span><\/span><span lang=\"DE\" xml:lang=\"DE\" xml:lang=\"DE\"><span>eingerichtet, in dem im Stile eines \u00ab<\/span><\/span><span><span>Tante Emma Lidl L\u00e4deli\u00bb<\/span><\/span> <span><span>Bio<\/span><\/span><span lang=\"DE\" xml:lang=\"DE\" xml:lang=\"DE\"><span>-Lebensmittel <\/span><\/span><span><span>und Schweizer Produkte verkauft <\/span><\/span><span lang=\"DE\" xml:lang=\"DE\" xml:lang=\"DE\"><span>werden. F\u00fcr etwa 14 Tage wird zudem am Eingang zur Bahnhofspassage eine Sandwich-Bar des<\/span><\/span><span><span> TV-Koch<\/span><\/span><span lang=\"DE\" xml:lang=\"DE\" xml:lang=\"DE\"><span>s<\/span><\/span> <span lang=\"DE\" xml:lang=\"DE\" xml:lang=\"DE\"><span>R<\/span><\/span><span><span>en\u00e9 Schudel betrieben<\/span><\/span><span lang=\"DE\" xml:lang=\"DE\" xml:lang=\"DE\"><span>.<\/span><\/span> <\/span><\/span><\/span><\/p>\n","protected":false},"excerpt":{"rendered":"<p><span><span><span><span lang=\"DE\" xml:lang=\"DE\" xml:lang=\"DE\"><span>Am 5. August er\u00f6ffnet <\/span><\/span><span><span>Lidl Schweiz <\/span><\/span><span lang=\"DE\" xml:lang=\"DE\" xml:lang=\"DE\"><span>im Untergeschoss des Warenhauses Loeb in Bern eine neue Innenstadtfiliale. <\/span><\/span><\/span><\/span><\/span><\/p>\n","protected":false},"author":23,"featured_media":0,"comment_status":"closed","ping_status":"closed","sticky":false,"template":"","format":"standard","meta":{"_acf_changed":false,"footnotes":""},"categories":[5],"tags":[25,16,40],"class_list":["post-2128","post","type-post","status-publish","format-standard","hentry","category-ib","tag-be","tag-retail","tag-vermietung"],"acf":[],"_links":{"self":[{"href":"https:\/\/develop.immobilienbusiness.ch\/de\/wp-json\/wp\/v2\/posts\/2128","targetHints":{"allow":["GET"]}}],"collection":[{"href":"https:\/\/develop.immobilienbusiness.ch\/de\/wp-json\/wp\/v2\/posts"}],"about":[{"href":"https:\/\/develop.immobilienbusiness.ch\/de\/wp-json\/wp\/v2\/types\/post"}],"author":[{"embeddable":true,"href":"https:\/\/develop.immobilienbusiness.ch\/de\/wp-json\/wp\/v2\/users\/23"}],"replies":[{"embeddable":true,"href":"https:\/\/develop.immobilienbusiness.ch\/de\/wp-json\/wp\/v2\/comments?post=2128"}],"version-history":[{"count":0,"href":"https:\/\/develop.immobilienbusiness.ch\/de\/wp-json\/wp\/v2\/posts\/2128\/revisions"}],"wp:attachment":[{"href":"https:\/\/develop.immobilienbusiness.ch\/de\/wp-json\/wp\/v2\/media?parent=2128"}],"wp:term":[{"taxonomy":"category","embeddable":true,"href":"https:\/\/develop.immobilienbusiness.ch\/de\/wp-json\/wp\/v2\/categories?post=2128"},{"taxonomy":"post_tag","embeddable":true,"href":"https:\/\/develop.immobilienbusiness.ch\/de\/wp-json\/wp\/v2\/tags?post=2128"}],"curies":[{"name":"wp","href":"https:\/\/api.w.org\/{rel}","templated":true}]}}