{"id":2057,"date":"2021-07-07T11:19:12","date_gmt":"2021-07-07T09:19:12","guid":{"rendered":"https:\/\/develop.immobilienbusiness.ch\/de\/allgemein\/2021-07-07\/st-gallen-ubs-verlagert-ostschweiz-sitz-an-den-bahnhofplatz\/"},"modified":"2021-07-07T11:19:12","modified_gmt":"2021-07-07T09:19:12","slug":"st-gallen-ubs-verlagert-ostschweiz-sitz-an-den-bahnhofplatz","status":"publish","type":"post","link":"https:\/\/develop.immobilienbusiness.ch\/de\/ib\/2021-07-07\/st-gallen-ubs-verlagert-ostschweiz-sitz-an-den-bahnhofplatz\/","title":{"rendered":"St. Gallen: UBS verlagert Ostschweiz-Sitz an den Bahnhofplatz"},"content":{"rendered":"<p><span><span><span>Mitte Juni \u00f6ffnete die UBS ihre Gesch\u00e4ftsstelle am Bahnhofplatz nach 20 Monaten des Umbaus. Es wird die neue Zentrale der Bank in der Ostschweiz, die Filiale am Multertor wird geschlossen, <a href=\"https:\/\/www.tagblatt.ch\/wirtschaft\/ubs-die-ubs-ostschweiz-erhaelt-eine-neue-schaltzentrale-ld.2149048\">berichtete das <em>St. Galler Tagblatt<\/em>. <\/a><\/span><\/span><\/span><\/p>\n<p><span><span><span>Die Zentrale sei auf die Digitalisierung der Bankgesch\u00e4fte eingestellt, heisst es weiter. \u00dcber das so genannte Finance Discovery k\u00f6nnten Kunden selbst an den drei vor Ort befindlichen Bildschirmen die Dienstleistungen der Bank wie das eigene Konto aber auch Hypotheken-Anlagen oder Eigenheim Angebote aus der Region aufrufen. <\/span><\/span><\/span><\/p>\n<p><span><span><span>In der Zentrale werden rund 200 Mitarbeitende t\u00e4tig sein. Ein Teil des Geb\u00e4udes wie Fassaden, Decken und die h\u00f6lzerne T\u00e4felung stehen nach dem Bericht unter Denkmalschutz. Das mittlere der drei Geb\u00e4ude, aus denen die Gesch\u00e4ftsstelle heute besteht, sei aber eine der ersten Stahlbeton-Konstruktionen gewesen. Deshalb habe die Bank gr\u00f6ssere R\u00e4ume \u00f6ffnen k\u00f6nnen und sei so auf flexible Arbeitsweise eingerichtet. Unter dem Dachstock ist ein Pausenort eingerichtet.<\/span><\/span><\/span><\/p>\n<p><span><span><span>Die UBS hatte zum Jahresanfang mitgeteilt, dass sie allein im ersten Quartal 2021 44 ihrer schweizweit 239 Filialen schliessen werde. In der Ostschweiz und in Graub\u00fcnden hat sie nach dem Tagblatt-Bericht k\u00fcrzlich sechs Filialen geschlossen. Mit der Wiederer\u00f6ffnung der Niederlassung am Bahnhof schliesse die UBS nun die Gesch\u00e4ftsstelle am Multertor.<\/span><\/span><\/span><\/p>\n","protected":false},"excerpt":{"rendered":"<p><span><span><span>Nach 20 Monaten des Umbaus hat die UBS ihre Gesch\u00e4ftsstelle am Bahnhofplatz in St. Gallen er\u00f6ffnet. Es ist die neue Zentrale der UBS Ostschweiz.<\/span><\/span><\/span><\/p>\n","protected":false},"author":26,"featured_media":0,"comment_status":"closed","ping_status":"closed","sticky":false,"template":"","format":"standard","meta":{"_acf_changed":false,"footnotes":""},"categories":[5],"tags":[7,3,48],"class_list":["post-2057","post","type-post","status-publish","format-standard","hentry","category-ib","tag-buro","tag-fertigstellung","tag-sg"],"acf":[],"_links":{"self":[{"href":"https:\/\/develop.immobilienbusiness.ch\/de\/wp-json\/wp\/v2\/posts\/2057","targetHints":{"allow":["GET"]}}],"collection":[{"href":"https:\/\/develop.immobilienbusiness.ch\/de\/wp-json\/wp\/v2\/posts"}],"about":[{"href":"https:\/\/develop.immobilienbusiness.ch\/de\/wp-json\/wp\/v2\/types\/post"}],"author":[{"embeddable":true,"href":"https:\/\/develop.immobilienbusiness.ch\/de\/wp-json\/wp\/v2\/users\/26"}],"replies":[{"embeddable":true,"href":"https:\/\/develop.immobilienbusiness.ch\/de\/wp-json\/wp\/v2\/comments?post=2057"}],"version-history":[{"count":0,"href":"https:\/\/develop.immobilienbusiness.ch\/de\/wp-json\/wp\/v2\/posts\/2057\/revisions"}],"wp:attachment":[{"href":"https:\/\/develop.immobilienbusiness.ch\/de\/wp-json\/wp\/v2\/media?parent=2057"}],"wp:term":[{"taxonomy":"category","embeddable":true,"href":"https:\/\/develop.immobilienbusiness.ch\/de\/wp-json\/wp\/v2\/categories?post=2057"},{"taxonomy":"post_tag","embeddable":true,"href":"https:\/\/develop.immobilienbusiness.ch\/de\/wp-json\/wp\/v2\/tags?post=2057"}],"curies":[{"name":"wp","href":"https:\/\/api.w.org\/{rel}","templated":true}]}}