{"id":2045,"date":"2021-07-05T09:30:08","date_gmt":"2021-07-05T07:30:08","guid":{"rendered":"https:\/\/develop.immobilienbusiness.ch\/de\/allgemein\/2021-07-05\/wettingen-immofonds-repositioniert-liegenschaft-am-zentrumsplatz\/"},"modified":"2021-07-05T09:30:08","modified_gmt":"2021-07-05T07:30:08","slug":"wettingen-immofonds-repositioniert-liegenschaft-am-zentrumsplatz","status":"publish","type":"post","link":"https:\/\/develop.immobilienbusiness.ch\/de\/ib\/2021-07-05\/wettingen-immofonds-repositioniert-liegenschaft-am-zentrumsplatz\/","title":{"rendered":"Wettingen: Immofonds repositioniert Liegenschaft am Zentrumsplatz"},"content":{"rendered":"<p><span><span><span>Der Zentrumsplatz in Wettingen wird von zwei Seiten durch die Wohn- und Gewerbeimmobilie, die zum Portfolio des Immofonds geh\u00f6rt, umschlossen. W\u00e4hrend die 42 Wohnungen in den oberen Etagen allesamt vermietet seien, habe es bei der Erdgeschossnutzung mit zahlreichen L\u00e4den, Gastronomie und Gewerbe immer wieder Wechsel und Leerst\u00e4nde gegeben, teilt der Fonds mit.<\/span><\/span><\/span><\/p>\n<p><span><span><span>Man habe die im Jahr 2006 erstellte Liegenschaft deshalb neu positioniert und die Grundrisse der Fl\u00e4chen im Erdgeschoss angepasst. Rund die H\u00e4lfte der insgesamt \u00fcber 1.150 qm Fl\u00e4che sei langfristig an die Aargauische Kantonalbank vermietet worden, die am 5. Juli 2021 in den R\u00e4umlichkeiten eine neue Niederlassung er\u00f6ffnet. Die \u00fcbrigen Fl\u00e4chen seien an Betriebe aus den Bereichen Verkauf, Gastronomie und Dienstleistung vermietet, so der Immofonds weiter. <\/span><\/span><\/span><\/p>\n","protected":false},"excerpt":{"rendered":"<p><span><span><span>Der Immofonds hat seine Immobilie am Zentrumsplatz in Wettingen (AG) neu positioniert und mit der Aargauischen Kantonalbank eine neue Mieterin f\u00fcr einen Teil der Retailfl\u00e4chen gefunden.<\/span><\/span><\/span><\/p>\n","protected":false},"author":23,"featured_media":0,"comment_status":"closed","ping_status":"closed","sticky":false,"template":"","format":"standard","meta":{"_acf_changed":false,"footnotes":""},"categories":[5],"tags":[6,3,35,16,40],"class_list":["post-2045","post","type-post","status-publish","format-standard","hentry","category-ib","tag-ag","tag-fertigstellung","tag-immobilienfonds","tag-retail","tag-vermietung"],"acf":[],"_links":{"self":[{"href":"https:\/\/develop.immobilienbusiness.ch\/de\/wp-json\/wp\/v2\/posts\/2045","targetHints":{"allow":["GET"]}}],"collection":[{"href":"https:\/\/develop.immobilienbusiness.ch\/de\/wp-json\/wp\/v2\/posts"}],"about":[{"href":"https:\/\/develop.immobilienbusiness.ch\/de\/wp-json\/wp\/v2\/types\/post"}],"author":[{"embeddable":true,"href":"https:\/\/develop.immobilienbusiness.ch\/de\/wp-json\/wp\/v2\/users\/23"}],"replies":[{"embeddable":true,"href":"https:\/\/develop.immobilienbusiness.ch\/de\/wp-json\/wp\/v2\/comments?post=2045"}],"version-history":[{"count":0,"href":"https:\/\/develop.immobilienbusiness.ch\/de\/wp-json\/wp\/v2\/posts\/2045\/revisions"}],"wp:attachment":[{"href":"https:\/\/develop.immobilienbusiness.ch\/de\/wp-json\/wp\/v2\/media?parent=2045"}],"wp:term":[{"taxonomy":"category","embeddable":true,"href":"https:\/\/develop.immobilienbusiness.ch\/de\/wp-json\/wp\/v2\/categories?post=2045"},{"taxonomy":"post_tag","embeddable":true,"href":"https:\/\/develop.immobilienbusiness.ch\/de\/wp-json\/wp\/v2\/tags?post=2045"}],"curies":[{"name":"wp","href":"https:\/\/api.w.org\/{rel}","templated":true}]}}