{"id":1945,"date":"2021-06-14T08:13:28","date_gmt":"2021-06-14T06:13:28","guid":{"rendered":"https:\/\/develop.immobilienbusiness.ch\/de\/allgemein\/2021-06-14\/roggwil-lidl-darf-verteilzentrum-bauen\/"},"modified":"2021-06-14T08:13:28","modified_gmt":"2021-06-14T06:13:28","slug":"roggwil-lidl-darf-verteilzentrum-bauen","status":"publish","type":"post","link":"https:\/\/develop.immobilienbusiness.ch\/de\/ib\/2021-06-14\/roggwil-lidl-darf-verteilzentrum-bauen\/","title":{"rendered":"Roggwil: Lidl darf Verteilzentrum bauen"},"content":{"rendered":"<p><span><span><span>An der Abstimmung vom 13. Juni 2021 haben die Stimmberechtigten von Roggwil haben dem Wiedererw\u00e4gungsantrag zur Abstimmung an der Gemeindeversammlung vom 30. August 2020 zugestimmt und die Zonenplan- und Baureglements\u00e4nderung Brunnmatt genehmigt. Damit kann Lidl auf dem 150.000 qm grossen, ehemaligen Gugelmann-Areal ein Warenverteilzentrum f\u00fcr die Vertriebsregion Mittelland erstellen. Das Geb\u00e4ude soll 640 Meter lang, 110 Meter breit und 20 Meter hoch werden. <\/span><\/span><\/span><\/p>\n<p><span><span><span>Der R\u00fcckbau und der Baustart sind auf 2023, die Inbetriebnahme des Warenverteilzentrums auf 2025 geplant. Der betriebliche Vollausbau werde vom Ausbau des Filialnetzes abh\u00e4ngen und fr\u00fchestens 2034 erreicht werden, so die Gemeinde Roggwil.<\/span><\/span><\/span><\/p>\n<p><span><span><span>Der Gemeinderat will nun mit der neuen Grundeigent\u00fcmerin eine \u00dcberbauungsordnung ausarbeiten, welche die Details der Arealnutzung und das Fahrtencontrolling regelt. F\u00fcr die Altlastensanierung kommt die K\u00e4uferschaft auf. In einer Absichtserkl\u00e4rung zwischen der Gemeinde und Lidl Schweiz wurde unter anderem auch vereinbart, dass der Discounter sich finanziell an Verkehrssicherheitsmassnahmen beteiligt, die Belieferungszeiten einschr\u00e4nkt und eine Photovoltaikanlage errichtet. Beim Verkehrsmonitoring will die Gemeinde Roggwil die Nachbargemeinden und Nachbarkantone einbeziehen. <\/span><\/span><\/span><\/p>\n<p><span><span><span>Das Projekt von Lidl war in der Region heftig umstritten, insbesondere wegen des Schwerverkehrs, den das Vorhaben verursachen wird. An der Gemeindeversammlung im August 202 hatten die Stimmberechtigten die Vorlage \u00e4usserst knapp abgelehnt. Das Resultat wurde jedoch anschliessend als ung\u00fcltig erkl\u00e4rt, weil die damals geltenden Corona-Massnahmen nicht eingehalten wurden.<\/span><\/span><\/span><\/p>\n","protected":false},"excerpt":{"rendered":"<p><span><span><span>Die Discounterkette Lidl kann ihr geplantes Warenverteilzentrum in Roggwil (BE) realisieren. Die Stimmberechtigten haben dem umstrittenen Vorhaben zugestimmt. <\/span><\/span><\/span><\/p>\n","protected":false},"author":23,"featured_media":0,"comment_status":"closed","ping_status":"closed","sticky":false,"template":"","format":"standard","meta":{"_acf_changed":false,"footnotes":""},"categories":[5],"tags":[25,11,38],"class_list":["post-1945","post","type-post","status-publish","format-standard","hentry","category-ib","tag-be","tag-in-planung","tag-logistik"],"acf":[],"_links":{"self":[{"href":"https:\/\/develop.immobilienbusiness.ch\/de\/wp-json\/wp\/v2\/posts\/1945","targetHints":{"allow":["GET"]}}],"collection":[{"href":"https:\/\/develop.immobilienbusiness.ch\/de\/wp-json\/wp\/v2\/posts"}],"about":[{"href":"https:\/\/develop.immobilienbusiness.ch\/de\/wp-json\/wp\/v2\/types\/post"}],"author":[{"embeddable":true,"href":"https:\/\/develop.immobilienbusiness.ch\/de\/wp-json\/wp\/v2\/users\/23"}],"replies":[{"embeddable":true,"href":"https:\/\/develop.immobilienbusiness.ch\/de\/wp-json\/wp\/v2\/comments?post=1945"}],"version-history":[{"count":0,"href":"https:\/\/develop.immobilienbusiness.ch\/de\/wp-json\/wp\/v2\/posts\/1945\/revisions"}],"wp:attachment":[{"href":"https:\/\/develop.immobilienbusiness.ch\/de\/wp-json\/wp\/v2\/media?parent=1945"}],"wp:term":[{"taxonomy":"category","embeddable":true,"href":"https:\/\/develop.immobilienbusiness.ch\/de\/wp-json\/wp\/v2\/categories?post=1945"},{"taxonomy":"post_tag","embeddable":true,"href":"https:\/\/develop.immobilienbusiness.ch\/de\/wp-json\/wp\/v2\/tags?post=1945"}],"curies":[{"name":"wp","href":"https:\/\/api.w.org\/{rel}","templated":true}]}}