{"id":1944,"date":"2021-06-11T11:06:38","date_gmt":"2021-06-11T09:06:38","guid":{"rendered":"https:\/\/develop.immobilienbusiness.ch\/de\/allgemein\/2021-06-11\/rudolfstetten-grunes-licht-fur-zentrumsentwicklung\/"},"modified":"2021-06-11T11:06:38","modified_gmt":"2021-06-11T09:06:38","slug":"rudolfstetten-grunes-licht-fur-zentrumsentwicklung","status":"publish","type":"post","link":"https:\/\/develop.immobilienbusiness.ch\/de\/ib\/2021-06-11\/rudolfstetten-grunes-licht-fur-zentrumsentwicklung\/","title":{"rendered":"Rudolfstetten: Gr\u00fcnes Licht f\u00fcr Zentrumsentwicklung"},"content":{"rendered":"<p><span><span><span><span><span><span><span>Rudolfstetten will im <\/span><\/span><\/span><\/span><span><span><span>Rahmen der Arealentwicklung das Gemeindehaus bzw. die Gemeindeverwaltung erweitern, einen neuen Werkhof mit integraler Entsorgungsanlage, eine Park and Ride (P&amp;R)-Anlage und einen Gemeindesaal mit Platz f\u00fcr bis zu 350 Personen realisieren. Geplant sind auch Mehrfamilienh\u00e4user &#8211; hier entschied die Einwohnergemeinde, dass zwei H\u00e4user durch die Einwohnergemeinde Rudolfstetten-Friedlisberg erstellt und betrieben werden sollen. Die Ortsb\u00fcrgergemeinde will ein drittes Mehrfamilienhaus erstellen und dazu Land der Einwohnergemeinde erwerben. <\/span><\/span><\/span><\/span><\/span><\/span><\/p>\n","protected":false},"excerpt":{"rendered":"<p><span><span><span><span><span><span><span>Die Gemeinde Rudolfstetten (AG) wird in den n\u00e4chsten Jahren 20 Mio. CHF in die Zentrumsentwicklung investieren. Geplant sind mehrere Neubauten. <\/span><\/span><\/span><\/span><\/span><\/span><\/span><\/p>\n","protected":false},"author":23,"featured_media":0,"comment_status":"closed","ping_status":"closed","sticky":false,"template":"","format":"standard","meta":{"_acf_changed":false,"footnotes":""},"categories":[5],"tags":[6,7,11,4],"class_list":["post-1944","post","type-post","status-publish","format-standard","hentry","category-ib","tag-ag","tag-buro","tag-in-planung","tag-mehrfamilienhaus-miete"],"acf":[],"_links":{"self":[{"href":"https:\/\/develop.immobilienbusiness.ch\/de\/wp-json\/wp\/v2\/posts\/1944","targetHints":{"allow":["GET"]}}],"collection":[{"href":"https:\/\/develop.immobilienbusiness.ch\/de\/wp-json\/wp\/v2\/posts"}],"about":[{"href":"https:\/\/develop.immobilienbusiness.ch\/de\/wp-json\/wp\/v2\/types\/post"}],"author":[{"embeddable":true,"href":"https:\/\/develop.immobilienbusiness.ch\/de\/wp-json\/wp\/v2\/users\/23"}],"replies":[{"embeddable":true,"href":"https:\/\/develop.immobilienbusiness.ch\/de\/wp-json\/wp\/v2\/comments?post=1944"}],"version-history":[{"count":0,"href":"https:\/\/develop.immobilienbusiness.ch\/de\/wp-json\/wp\/v2\/posts\/1944\/revisions"}],"wp:attachment":[{"href":"https:\/\/develop.immobilienbusiness.ch\/de\/wp-json\/wp\/v2\/media?parent=1944"}],"wp:term":[{"taxonomy":"category","embeddable":true,"href":"https:\/\/develop.immobilienbusiness.ch\/de\/wp-json\/wp\/v2\/categories?post=1944"},{"taxonomy":"post_tag","embeddable":true,"href":"https:\/\/develop.immobilienbusiness.ch\/de\/wp-json\/wp\/v2\/tags?post=1944"}],"curies":[{"name":"wp","href":"https:\/\/api.w.org\/{rel}","templated":true}]}}