{"id":1908,"date":"2021-06-07T08:33:44","date_gmt":"2021-06-07T06:33:44","guid":{"rendered":"https:\/\/develop.immobilienbusiness.ch\/de\/allgemein\/2021-06-07\/neuer-fondsmanager-fur-den-procimmo-real-estate\/"},"modified":"2021-06-07T08:33:44","modified_gmt":"2021-06-07T06:33:44","slug":"neuer-fondsmanager-fur-den-procimmo-real-estate","status":"publish","type":"post","link":"https:\/\/develop.immobilienbusiness.ch\/de\/ib\/2021-06-07\/neuer-fondsmanager-fur-den-procimmo-real-estate\/","title":{"rendered":"Neuer Fondsmanager f\u00fcr den Procimmo Real Estate"},"content":{"rendered":"<p><span><span><span>Wie die Verm\u00f6gensverwalterin mitteilt, soll Vincent Di M\u00e9o seine T\u00e4tigkeit am 15. September 2021 bei Procimmo in Lausanne aufnehmen und die Umsetzung der Strategie der SICAV mit seinem Team sicherstellen. Bis zu diesem Zeitpunkt werde Arno Kneub\u00fchler, der CEO von Procimmo, die Funktion als Fund Manager ad interim innehaben.<\/span><\/span><\/span><\/p>\n<p><span><span><span>Di M\u00e9o wechselt von der Immobiliengesellschaft Paragon in Genf, wo er unter anderem die Neuentwicklung von Immobilienverm\u00f6gen in Industriegebieten in der Westschweiz verantwortete. Zuvor war er als Wirtschaftspr\u00fcfer f\u00fcr Deloitte t\u00e4tig und betreute dort vor allem Kunden aus der Immobilienbranche, ein Schwerpunkt lag auf Investmentfonds, REITs und Entwicklern.<\/span><\/span><\/span><\/p>\n","protected":false},"excerpt":{"rendered":"<p><span><span><span>Vincent Di M\u00e9o wird neuer Fund Manager des Anlagevehikels Procimmo Real Estate SICAV. Er folgt auf Alexandre Monney, der Procimmo Ende Mai 2021 verlassen hat.<\/span><\/span><\/span><\/p>\n","protected":false},"author":23,"featured_media":0,"comment_status":"closed","ping_status":"closed","sticky":false,"template":"","format":"standard","meta":{"_acf_changed":false,"footnotes":""},"categories":[5],"tags":[35,74],"class_list":["post-1908","post","type-post","status-publish","format-standard","hentry","category-ib","tag-immobilienfonds","tag-personalia"],"acf":[],"_links":{"self":[{"href":"https:\/\/develop.immobilienbusiness.ch\/de\/wp-json\/wp\/v2\/posts\/1908","targetHints":{"allow":["GET"]}}],"collection":[{"href":"https:\/\/develop.immobilienbusiness.ch\/de\/wp-json\/wp\/v2\/posts"}],"about":[{"href":"https:\/\/develop.immobilienbusiness.ch\/de\/wp-json\/wp\/v2\/types\/post"}],"author":[{"embeddable":true,"href":"https:\/\/develop.immobilienbusiness.ch\/de\/wp-json\/wp\/v2\/users\/23"}],"replies":[{"embeddable":true,"href":"https:\/\/develop.immobilienbusiness.ch\/de\/wp-json\/wp\/v2\/comments?post=1908"}],"version-history":[{"count":0,"href":"https:\/\/develop.immobilienbusiness.ch\/de\/wp-json\/wp\/v2\/posts\/1908\/revisions"}],"wp:attachment":[{"href":"https:\/\/develop.immobilienbusiness.ch\/de\/wp-json\/wp\/v2\/media?parent=1908"}],"wp:term":[{"taxonomy":"category","embeddable":true,"href":"https:\/\/develop.immobilienbusiness.ch\/de\/wp-json\/wp\/v2\/categories?post=1908"},{"taxonomy":"post_tag","embeddable":true,"href":"https:\/\/develop.immobilienbusiness.ch\/de\/wp-json\/wp\/v2\/tags?post=1908"}],"curies":[{"name":"wp","href":"https:\/\/api.w.org\/{rel}","templated":true}]}}