{"id":1800,"date":"2021-05-10T09:45:17","date_gmt":"2021-05-10T07:45:17","guid":{"rendered":"https:\/\/develop.immobilienbusiness.ch\/de\/allgemein\/2021-05-10\/bern-kanton-schwacht-energiegesetz-ab\/"},"modified":"2021-05-10T09:45:17","modified_gmt":"2021-05-10T07:45:17","slug":"bern-kanton-schwacht-energiegesetz-ab","status":"publish","type":"post","link":"https:\/\/develop.immobilienbusiness.ch\/de\/ib\/2021-05-10\/bern-kanton-schwacht-energiegesetz-ab\/","title":{"rendered":"Bern: Kanton schw\u00e4cht Energiegesetz ab"},"content":{"rendered":"<p><span><span><span>Wie der Regierungsrat mitteilt, ist das \u00fcberarbeitete Energiegesetz zuhanden des Grossen Rats verabschiedet worden. Kritische R\u00fcckmeldung in Bezug auf <span><span>neue Vorgaben f\u00fcr Gemeindebauten habe man weitgehend ber\u00fccksichtigt. Unter anderem wird auf einen Passus im Gesetz verzichtet, der <\/span><\/span>von Gemeindebauten fordert, dass sie eine Vorbildfunktion erf\u00fcllen. Auch was die Nutzung von Solarenergie angeht, sind die Vorgaben k\u00fcnftig weniger hart. Der Grundsatz gelte f\u00fcr \u00abgut\u00bb geeignete Dachfl\u00e4chen und nur soweit dies \u00abtechnisch und wirtschaftlich sinnvoll\u00bb sei. <\/span><\/span><\/span><\/p>\n<p><span><span><span>Urspr\u00fcnglich war im revidierten Energiegesetz vorgesehen, dass bei Neubauten oder Gesamtrenovationen kommunaler Geb\u00e4ude k\u00fcnftig der Minergie-P-Standard gilt. Das hatten der Verband Bernischer Gemeinden (VBG) und einzelne Gemeinden aber als Eingriff in ihre Autonomie kritisiert, woraufhin die Kantonsregierung auf den Passus verzichtete. F\u00fcr gewisse Neubauten des Kantons gilt bereits, dass sie im Minergie-P-Standard erstellt werden m\u00fcssen.<\/span><\/span><\/span><\/p>\n<p><span><span><span>Das Parlament wird das teilrevidierte Energiegesetz in der Herbst- und Wintersession beraten.<\/span><\/span><\/span><\/p>\n","protected":false},"excerpt":{"rendered":"<p><span><span><span>Der Kantonsregierung hat die Revision des bernischen Energiegesetzes nach der Vernehmlassung leicht abgeschw\u00e4cht. Gemeinden hatten zu starke Vorgaben f\u00fcr Gemeindebauten kritisiert. <\/span><\/span><\/span><\/p>\n","protected":false},"author":23,"featured_media":0,"comment_status":"closed","ping_status":"closed","sticky":false,"template":"","format":"standard","meta":{"_acf_changed":false,"footnotes":""},"categories":[5],"tags":[25,60,71],"class_list":["post-1800","post","type-post","status-publish","format-standard","hentry","category-ib","tag-be","tag-gesetze-urteile","tag-nachhaltigkeit"],"acf":[],"_links":{"self":[{"href":"https:\/\/develop.immobilienbusiness.ch\/de\/wp-json\/wp\/v2\/posts\/1800","targetHints":{"allow":["GET"]}}],"collection":[{"href":"https:\/\/develop.immobilienbusiness.ch\/de\/wp-json\/wp\/v2\/posts"}],"about":[{"href":"https:\/\/develop.immobilienbusiness.ch\/de\/wp-json\/wp\/v2\/types\/post"}],"author":[{"embeddable":true,"href":"https:\/\/develop.immobilienbusiness.ch\/de\/wp-json\/wp\/v2\/users\/23"}],"replies":[{"embeddable":true,"href":"https:\/\/develop.immobilienbusiness.ch\/de\/wp-json\/wp\/v2\/comments?post=1800"}],"version-history":[{"count":0,"href":"https:\/\/develop.immobilienbusiness.ch\/de\/wp-json\/wp\/v2\/posts\/1800\/revisions"}],"wp:attachment":[{"href":"https:\/\/develop.immobilienbusiness.ch\/de\/wp-json\/wp\/v2\/media?parent=1800"}],"wp:term":[{"taxonomy":"category","embeddable":true,"href":"https:\/\/develop.immobilienbusiness.ch\/de\/wp-json\/wp\/v2\/categories?post=1800"},{"taxonomy":"post_tag","embeddable":true,"href":"https:\/\/develop.immobilienbusiness.ch\/de\/wp-json\/wp\/v2\/tags?post=1800"}],"curies":[{"name":"wp","href":"https:\/\/api.w.org\/{rel}","templated":true}]}}