{"id":1738,"date":"2021-04-28T23:20:32","date_gmt":"2021-04-28T21:20:32","guid":{"rendered":"https:\/\/develop.immobilienbusiness.ch\/de\/allgemein\/2021-04-28\/bachenbulach-neubau-fur-coop-megastore-kommt-spater\/"},"modified":"2021-04-28T23:20:32","modified_gmt":"2021-04-28T21:20:32","slug":"bachenbulach-neubau-fur-coop-megastore-kommt-spater","status":"publish","type":"post","link":"https:\/\/develop.immobilienbusiness.ch\/de\/ib\/2021-04-28\/bachenbulach-neubau-fur-coop-megastore-kommt-spater\/","title":{"rendered":"Bachenb\u00fclach: Neubau f\u00fcr Coop Megastore kommt sp\u00e4ter"},"content":{"rendered":"<p><span><span><span><span>Urspr\u00fcnglich sollten die Bauarbeiten bereits in diesem Sommer beginnen. Im Herbst 2021 hatte Coop das Baugesuch eingereicht. Wie der \u00abZ\u00fcrcher Unterl\u00e4nder\u00bb schreibt, ist ein Neubau mit rund 10.000 qm Geb\u00e4udegrundfl\u00e4che als Ersatz f\u00fcr den bestehenden Supermarkt (aus dem Baujahr 2004) geplant.<\/span><\/span><\/span><\/span><\/p>\n<p><span><span><span><span>Seitens Coop heisst es, die Altimmobilie h\u00e4tte sich nur bedingt f\u00fcr eine Modernisierung geeignet. Daher habe man sich f\u00fcr das Neubauprojekt entschieden, welches rund 20 Millionen Franken kosten wird. Laut Markus Maag, Leiter Bau und Infrastruktur der Gemeinde Bachenb\u00fclach, liegt die Baubewilligung noch nicht vor. Die Bauherrschaft m\u00fcsse noch kommunale und kantonale Auflagen erf\u00fcllen.<\/span><\/span><\/span><\/span><\/p>\n<p><span><span>W\u00e4hrend der Bauzeit wird der Coop-Markt am Erlenweg in ein Provisorium ausweichen. Auch die bestehende Tankstelle werde neu errichtet, hierf\u00fcr sei aber noch kein Baugesucht eingereicht worden, heisst es. Die Fertigstellung des Gesamtprojekts soll 24 Monate dauern.<\/span><\/span><\/p>\n","protected":false},"excerpt":{"rendered":"<p><span><span><span><span>Der geplante Neubau f\u00fcr den Coop Megastore im Bachenb\u00fclacher Gewerbequartier verz\u00f6gert sich. Aktuell wird mit dem Baustart erst im Januar 2022 gerechnet.<\/span><\/span><\/span><\/span><\/p>\n","protected":false},"author":25,"featured_media":0,"comment_status":"closed","ping_status":"closed","sticky":false,"template":"","format":"standard","meta":{"_acf_changed":false,"footnotes":""},"categories":[5],"tags":[11,16,42],"class_list":["post-1738","post","type-post","status-publish","format-standard","hentry","category-ib","tag-in-planung","tag-retail","tag-zh"],"acf":[],"_links":{"self":[{"href":"https:\/\/develop.immobilienbusiness.ch\/de\/wp-json\/wp\/v2\/posts\/1738","targetHints":{"allow":["GET"]}}],"collection":[{"href":"https:\/\/develop.immobilienbusiness.ch\/de\/wp-json\/wp\/v2\/posts"}],"about":[{"href":"https:\/\/develop.immobilienbusiness.ch\/de\/wp-json\/wp\/v2\/types\/post"}],"author":[{"embeddable":true,"href":"https:\/\/develop.immobilienbusiness.ch\/de\/wp-json\/wp\/v2\/users\/25"}],"replies":[{"embeddable":true,"href":"https:\/\/develop.immobilienbusiness.ch\/de\/wp-json\/wp\/v2\/comments?post=1738"}],"version-history":[{"count":0,"href":"https:\/\/develop.immobilienbusiness.ch\/de\/wp-json\/wp\/v2\/posts\/1738\/revisions"}],"wp:attachment":[{"href":"https:\/\/develop.immobilienbusiness.ch\/de\/wp-json\/wp\/v2\/media?parent=1738"}],"wp:term":[{"taxonomy":"category","embeddable":true,"href":"https:\/\/develop.immobilienbusiness.ch\/de\/wp-json\/wp\/v2\/categories?post=1738"},{"taxonomy":"post_tag","embeddable":true,"href":"https:\/\/develop.immobilienbusiness.ch\/de\/wp-json\/wp\/v2\/tags?post=1738"}],"curies":[{"name":"wp","href":"https:\/\/api.w.org\/{rel}","templated":true}]}}