{"id":1682,"date":"2021-04-20T09:16:02","date_gmt":"2021-04-20T07:16:02","guid":{"rendered":"https:\/\/develop.immobilienbusiness.ch\/de\/allgemein\/2021-04-20\/bern-neue-regeln-fur-laubengeschosse-in-der-altstadt\/"},"modified":"2021-04-20T09:16:02","modified_gmt":"2021-04-20T07:16:02","slug":"bern-neue-regeln-fur-laubengeschosse-in-der-altstadt","status":"publish","type":"post","link":"https:\/\/develop.immobilienbusiness.ch\/de\/ib\/2021-04-20\/bern-neue-regeln-fur-laubengeschosse-in-der-altstadt\/","title":{"rendered":"Bern: Neue Regeln f\u00fcr Laubengeschosse in der Altstadt"},"content":{"rendered":"<p><span><span><span>Der Gemeinderat kritisiert, dass in der Unteren Altstadt die an die Lauben angrenzenden R\u00e4ume vermehrt durch Dienstleistungsbetriebe ohne Publikumsorientierung genutzt und Schaufenster in der ganzen Altstadt immer \u00f6fter mit Folien oder Plakaten vollst\u00e4ndig abgeklebt werden. Um die Berner Altstadt als Ort der Begegnung und des Gewerbes sowie das Bild mit den historischen Lauben zu erhalten, will man die Nutzung und Gestaltung der Laubengeschosse neu regeln.<\/span><\/span><\/span><\/p>\n<p><span><span><span>In der Unteren Altstadt sollen in den R\u00e4umen, die an die Lauben angrenzen, k\u00fcnftig nur noch publikumsorientierte Nutzungen erlaubt sein. Nicht zul\u00e4ssig w\u00e4ren demnach reine Wohnnutzungen, \u00f6ffentliche Verwaltungen sowie B\u00fcro- und Dienstleistungsnutzungen, die sich nicht an die breite Bev\u00f6lkerung richten oder die nicht ohne Voranmeldung in Anspruch genommen werden k\u00f6nnen. F\u00fcr die Obere Altstadt gibt es bereits eine Regelung zur Nutzung der Laubengeschosse.<\/span><\/span><\/span><\/p>\n<p><span><span><span>Ausserdem will der Gemeinderat sowohl in der Unteren als auch in der Oberen Altstadt durchgehende, fensterlose Mauerfl\u00e4chen an den inneren Laubenfassaden verbieten. Schaufenster sollen in Zukunft durchsichtig gestaltet sein m\u00fcssen.<\/span><\/span><\/span><\/p>\n<p><span><span><span>Eine weitere Teilrevisionen der Bauordnung, die der Gemeinderat auf den Weg gebracht hat, betrifft Zwischennutzungen: Bislang braucht es f\u00fcr Zwischennutzungen eine Ausnahmebewilligung, und das Verfahren daf\u00fcr ist langwierig. Nach den Pl\u00e4nen des Gemeinderats soll unter bestimmten Voraussetzungen auf eine Ausnahmebewilligung verzichtet werden k\u00f6nnen. Zwischennutzung sollen f\u00fcr eine Dauer von bis zu f\u00fcnf Jahren bewilligt werden mit einer Option auf Verl\u00e4ngerung um bis zu drei Jahre.<\/span><\/span><\/span><\/p>\n<p><span><span><span>\u00dcber die beiden Vorlagen m\u00fcssen die Berner Stimmberechtigten entscheiden. Die Abstimmungen finden voraussichtlich am 28. November 2021 statt. <\/span><\/span><\/span><\/p>\n","protected":false},"excerpt":{"rendered":"<p><span><span><span>Eine Teilrevision der Bauordnung soll die Nutzung und Gestaltung der Laubengeschosse in der Altstadt von Bern neu regeln und auf diese Weise die Altstadt attraktiver machen.<\/span><\/span><\/span><\/p>\n","protected":false},"author":23,"featured_media":0,"comment_status":"closed","ping_status":"closed","sticky":false,"template":"","format":"standard","meta":{"_acf_changed":false,"footnotes":""},"categories":[5],"tags":[25,77,16],"class_list":["post-1682","post","type-post","status-publish","format-standard","hentry","category-ib","tag-be","tag-raumordnung-zonenplanung","tag-retail"],"acf":[],"_links":{"self":[{"href":"https:\/\/develop.immobilienbusiness.ch\/de\/wp-json\/wp\/v2\/posts\/1682","targetHints":{"allow":["GET"]}}],"collection":[{"href":"https:\/\/develop.immobilienbusiness.ch\/de\/wp-json\/wp\/v2\/posts"}],"about":[{"href":"https:\/\/develop.immobilienbusiness.ch\/de\/wp-json\/wp\/v2\/types\/post"}],"author":[{"embeddable":true,"href":"https:\/\/develop.immobilienbusiness.ch\/de\/wp-json\/wp\/v2\/users\/23"}],"replies":[{"embeddable":true,"href":"https:\/\/develop.immobilienbusiness.ch\/de\/wp-json\/wp\/v2\/comments?post=1682"}],"version-history":[{"count":0,"href":"https:\/\/develop.immobilienbusiness.ch\/de\/wp-json\/wp\/v2\/posts\/1682\/revisions"}],"wp:attachment":[{"href":"https:\/\/develop.immobilienbusiness.ch\/de\/wp-json\/wp\/v2\/media?parent=1682"}],"wp:term":[{"taxonomy":"category","embeddable":true,"href":"https:\/\/develop.immobilienbusiness.ch\/de\/wp-json\/wp\/v2\/categories?post=1682"},{"taxonomy":"post_tag","embeddable":true,"href":"https:\/\/develop.immobilienbusiness.ch\/de\/wp-json\/wp\/v2\/tags?post=1682"}],"curies":[{"name":"wp","href":"https:\/\/api.w.org\/{rel}","templated":true}]}}