{"id":167,"date":"2020-04-16T11:19:53","date_gmt":"2020-04-16T09:19:53","guid":{"rendered":"https:\/\/develop.immobilienbusiness.ch\/de\/allgemein\/2020-04-16\/luzern-projektwettbewerb-fur-pilatusplatz-ist-entschieden\/"},"modified":"2020-04-16T11:19:53","modified_gmt":"2020-04-16T09:19:53","slug":"luzern-projektwettbewerb-fur-pilatusplatz-ist-entschieden","status":"publish","type":"post","link":"https:\/\/develop.immobilienbusiness.ch\/de\/ib\/2020-04-16\/luzern-projektwettbewerb-fur-pilatusplatz-ist-entschieden\/","title":{"rendered":"Luzern: Projektwettbewerb f\u00fcr Pilatusplatz ist entschieden"},"content":{"rendered":"<p>Die Bietergemeinschaft Senda Immobilien und Joos &amp; Mathys Architekten habe mit Lu Two ein architektonisch gelungenes Projekt pr\u00e4sentiert, das sich in die Umgebung einpasse, die komplexe Situation am Pilatusplatz gut fasse und neue st\u00e4dtebauliche Akzente setze, so die Jury. Es sieht auf dem st\u00e4dtischen Areal am Pilatusplatz eine Liegenschaft mit f\u00fcnf Etagen an Gesch\u00e4ftsr\u00e4umen sowie Wohneinheiten in den oberen Stockwerken vor.<\/p>\n<p>In den Durchg\u00e4ngen des Erdgeschosses, im Hofraum und im Attikageschoss sind Gewerbe- und Gastronomienutzungen geplant; das Attikageschoss soll \u00f6ffentlich zug\u00e4nglich sein. Das Fachwerkhaus am M\u00fchlebachweg 8 soll als \u00abKaffeeh\u00e4uschen\u00bb genutzt und zum Quartierstreffpunkt werden.<\/p>\n<p>Der Luzerner Stadtrat will nun den Baurechtsvertrag vorbereiten und dem Grossen Stadtrat voraussichtlich im Herbst 2020 zur Genehmigung unterbreiten. Mit der Unterzeichnung des Vertrages wird sich die Bietergemeinschaft dazu verpflichten, die Planung und Realisierung der \u00dcberbauung umgehend anzugehen. Die Baueingabe k\u00f6nnte im Jahr 2022 erfolgen und das Geb\u00e4ude 2025 bezogen werden.<\/p>\n<p>Mit der Abgabe des Baurechtsgrundst\u00fccks will die Stadt Luzern laut einer Mitteilung erreichen, dass der Pilatusplatz k\u00fcnftig nicht mehr nur als Verkehrsknotenpunkt wahrgenommen wird, sondern sich zu einem Treffpunkt f\u00fcr die Bev\u00f6lkerung und zu einem attraktiven Standort f\u00fcr Unternehmen entwickelt.<\/p>\n","protected":false},"excerpt":{"rendered":"<p>Die Bietergemeinschaft Senda Immobilien und Joos &amp; Mathys Architekten hat mit dem Projekt Lu Two den Wettbewerb f\u00fcr das Entwicklungsareal am Pilatusplatz in Luzern gewonnen.<\/p>\n","protected":false},"author":23,"featured_media":0,"comment_status":"closed","ping_status":"closed","sticky":false,"template":"","format":"standard","meta":{"_acf_changed":false,"footnotes":""},"categories":[5],"tags":[11,10,4,14,16],"class_list":["post-167","post","type-post","status-publish","format-standard","hentry","category-ib","tag-in-planung","tag-lu","tag-mehrfamilienhaus-miete","tag-mfh-stockwerkeigentum","tag-retail"],"acf":[],"_links":{"self":[{"href":"https:\/\/develop.immobilienbusiness.ch\/de\/wp-json\/wp\/v2\/posts\/167","targetHints":{"allow":["GET"]}}],"collection":[{"href":"https:\/\/develop.immobilienbusiness.ch\/de\/wp-json\/wp\/v2\/posts"}],"about":[{"href":"https:\/\/develop.immobilienbusiness.ch\/de\/wp-json\/wp\/v2\/types\/post"}],"author":[{"embeddable":true,"href":"https:\/\/develop.immobilienbusiness.ch\/de\/wp-json\/wp\/v2\/users\/23"}],"replies":[{"embeddable":true,"href":"https:\/\/develop.immobilienbusiness.ch\/de\/wp-json\/wp\/v2\/comments?post=167"}],"version-history":[{"count":0,"href":"https:\/\/develop.immobilienbusiness.ch\/de\/wp-json\/wp\/v2\/posts\/167\/revisions"}],"wp:attachment":[{"href":"https:\/\/develop.immobilienbusiness.ch\/de\/wp-json\/wp\/v2\/media?parent=167"}],"wp:term":[{"taxonomy":"category","embeddable":true,"href":"https:\/\/develop.immobilienbusiness.ch\/de\/wp-json\/wp\/v2\/categories?post=167"},{"taxonomy":"post_tag","embeddable":true,"href":"https:\/\/develop.immobilienbusiness.ch\/de\/wp-json\/wp\/v2\/tags?post=167"}],"curies":[{"name":"wp","href":"https:\/\/api.w.org\/{rel}","templated":true}]}}