{"id":1571,"date":"2021-03-30T09:37:48","date_gmt":"2021-03-30T07:37:48","guid":{"rendered":"https:\/\/develop.immobilienbusiness.ch\/de\/allgemein\/2021-03-30\/breite-unterstutzung-fur-revidiertes-co2-gesetz\/"},"modified":"2021-03-30T09:37:48","modified_gmt":"2021-03-30T07:37:48","slug":"breite-unterstutzung-fur-revidiertes-co2-gesetz","status":"publish","type":"post","link":"https:\/\/develop.immobilienbusiness.ch\/de\/ib\/2021-03-30\/breite-unterstutzung-fur-revidiertes-co2-gesetz\/","title":{"rendered":"Breite Unterst\u00fctzung f\u00fcr revidiertes CO2-Gesetz"},"content":{"rendered":"<p><span><span><span>Das revidierte CO2-Gesetz beruht auf einer Kombination von finanziellen Anreizen, Investitionen und neuen Technologien, mit denen die Schweiz den Klimaschutz st\u00e4rken, aber auch auf Auftr\u00e4ge und Arbeitspl\u00e4tze im Land schaffen will. Konkret sollen Lenkungsabgaben daf\u00fcr sorgen, dass sich klimafreundliches Verhalten lohnt: Investitionen in Geb\u00e4ude und Infrastrukturen sollen unterst\u00fctzt und innovative Firmen gest\u00e4rkt werden. Die Regierung verspricht sich davon, dass etwa Geb\u00e4ude klimafreundlich saniert, Ladestationen f\u00fcr Elektroautos gebaut, Elektrobusse im \u00f6ffentlichen Verkehr beschafft sowie Fernw\u00e4rmenetze gef\u00f6rdert werden. Zudem soll das Gesetz Bergregionen, St\u00e4dten und Gemeinden dabei helfen, die Folgen des Klimawandels abzufedern. <\/span><\/span><\/span><\/p>\n<p><span><span><span>Bundesrat und Parlament wollen mit dem revidierten Gesetz den Treibhausgas-Ausstoss der Schweiz bis 2030 gegen\u00fcber dem Wert von 1990 halbieren und damit auch die Klimaziele des Pariser \u00dcbereinkommens erf\u00fcllen. Dagegen wurde das Referendum ergriffen. <\/span><\/span><\/span><\/p>\n<p><span><span><span>Bundesrat und Parlament empfehlen der Stimmbev\u00f6lkerung, das revidierte CO2-Gesetz am 13. Juni 2021 anzunehmen. Es wird zudem von den Kantonen, dem St\u00e4dteverband sowie dem Gemeindeverband und der Schweizerischen Arbeitsgemeinschaft f\u00fcr die Berggebiete (SAB) unterst\u00fctzt. Auch die meisten Parteien, Umweltorganisationen, die Mobilit\u00e4tsverb\u00e4nde Touring Club Schweiz (TCS) und Verkehrs-Club Schweiz (VCS) sowie zahlreiche Verb\u00e4nde der Wirtschaft (z.B. Economiesuisse, Bankiervereinigung, Swissmem, Bauen Schweiz, Baumeisterverband) haben sich f\u00fcr das revidierte Gesetz ausgesprochen.<\/span><\/span><\/span><\/p>\n","protected":false},"excerpt":{"rendered":"<p><span><span><span>Nicht nur Bundesrat und Parlament, sondern auch die Kantone und Wirtschaftsverb\u00e4nde wie Bauen Schweiz und der Baumeisterverband sprechen sich f\u00fcr ein Ja zum revidierten CO2-Gesetz aus. Abgestimmt wird am 13. Juni 2021.<\/span><\/span><\/span><\/p>\n","protected":false},"author":23,"featured_media":0,"comment_status":"closed","ping_status":"closed","sticky":false,"template":"","format":"standard","meta":{"_acf_changed":false,"footnotes":""},"categories":[5],"tags":[60,71],"class_list":["post-1571","post","type-post","status-publish","format-standard","hentry","category-ib","tag-gesetze-urteile","tag-nachhaltigkeit"],"acf":[],"_links":{"self":[{"href":"https:\/\/develop.immobilienbusiness.ch\/de\/wp-json\/wp\/v2\/posts\/1571","targetHints":{"allow":["GET"]}}],"collection":[{"href":"https:\/\/develop.immobilienbusiness.ch\/de\/wp-json\/wp\/v2\/posts"}],"about":[{"href":"https:\/\/develop.immobilienbusiness.ch\/de\/wp-json\/wp\/v2\/types\/post"}],"author":[{"embeddable":true,"href":"https:\/\/develop.immobilienbusiness.ch\/de\/wp-json\/wp\/v2\/users\/23"}],"replies":[{"embeddable":true,"href":"https:\/\/develop.immobilienbusiness.ch\/de\/wp-json\/wp\/v2\/comments?post=1571"}],"version-history":[{"count":0,"href":"https:\/\/develop.immobilienbusiness.ch\/de\/wp-json\/wp\/v2\/posts\/1571\/revisions"}],"wp:attachment":[{"href":"https:\/\/develop.immobilienbusiness.ch\/de\/wp-json\/wp\/v2\/media?parent=1571"}],"wp:term":[{"taxonomy":"category","embeddable":true,"href":"https:\/\/develop.immobilienbusiness.ch\/de\/wp-json\/wp\/v2\/categories?post=1571"},{"taxonomy":"post_tag","embeddable":true,"href":"https:\/\/develop.immobilienbusiness.ch\/de\/wp-json\/wp\/v2\/tags?post=1571"}],"curies":[{"name":"wp","href":"https:\/\/api.w.org\/{rel}","templated":true}]}}