{"id":1434,"date":"2021-03-05T12:04:03","date_gmt":"2021-03-05T11:04:03","guid":{"rendered":"https:\/\/develop.immobilienbusiness.ch\/de\/allgemein\/2021-03-05\/augst-bundesrat-macht-weg-fur-anbindung-an-basler-tramnetz-frei\/"},"modified":"2021-03-05T12:04:03","modified_gmt":"2021-03-05T11:04:03","slug":"augst-bundesrat-macht-weg-fur-anbindung-an-basler-tramnetz-frei","status":"publish","type":"post","link":"https:\/\/develop.immobilienbusiness.ch\/de\/ib\/2021-03-05\/augst-bundesrat-macht-weg-fur-anbindung-an-basler-tramnetz-frei\/","title":{"rendered":"Augst: Bundesrat macht Weg f\u00fcr Anbindung an Basler Tramnetz frei"},"content":{"rendered":"<p><span><span><span>Der Bundesrat hat der <span><span>BLT Baselland Transport AG (BLT) die Genehmigung zur Verl\u00e4ngerung der Tramlinie 14 von Pratteln nach Augst erteilt. Die Infrastruktur-Konzession der BLT wurde am 5. M\u00e4rz 2021 entsprechend angepasst. <\/span><\/span><\/span><\/span><\/span><\/p>\n<p><span><span><span><span><span>Die BLT hat nun bis Ende 2025 Zeit, die f\u00fcr das Plangenehmigungsverfahren n\u00f6tigen Unterlagen beim Bundesamt f\u00fcr Verkehr (BAV) einzureichen. Andernfalls verf\u00e4llt die Ausdehnung der Konzession. Der Baubeginn soll drei Jahre nach Rechtskraft der Plangenehmigung erfolgen.<\/span><\/span><\/span><\/span><\/span><\/p>\n<p><span><span><span><span><span>Dass der Bundesrat die Infrastruktur-Konzession f\u00fcr die Verl\u00e4ngerung erteilt hat, ist allerdings nur eine von vielen Voraussetzungen f\u00fcr die Realisierung des Vorhabens. Gegen den Planungskredit des Baselbieter Landrats f\u00fcr die Tramerweiterung ist Ende 2020 das Referendum ergriffen worden. Damit werden die Stimmb\u00fcrger des Kantons Basel-Land \u00fcber die Verl\u00e4ngerung der Tramlinie nach Augst entscheiden.<\/span><\/span><\/span><\/span><\/span><\/p>\n","protected":false},"excerpt":{"rendered":"<p><span><span><span>Die Tramlinie 14, die bislang zwischen Basel-Stadt und Basel-Land via Muttenz nach Pratteln f\u00fchrt, kann bis Augst (BL) verl\u00e4ngert werden. Damit sollen die Entwicklungsgebiete \u00abGr\u00fcssen\u00bb und \u00abSalina Raurica\u00bb erschlossen werden.<\/span><\/span><\/span><\/p>\n","protected":false},"author":23,"featured_media":0,"comment_status":"closed","ping_status":"closed","sticky":false,"template":"","format":"standard","meta":{"_acf_changed":false,"footnotes":""},"categories":[5],"tags":[18,62],"class_list":["post-1434","post","type-post","status-publish","format-standard","hentry","category-ib","tag-bl","tag-infrastruktur"],"acf":[],"_links":{"self":[{"href":"https:\/\/develop.immobilienbusiness.ch\/de\/wp-json\/wp\/v2\/posts\/1434","targetHints":{"allow":["GET"]}}],"collection":[{"href":"https:\/\/develop.immobilienbusiness.ch\/de\/wp-json\/wp\/v2\/posts"}],"about":[{"href":"https:\/\/develop.immobilienbusiness.ch\/de\/wp-json\/wp\/v2\/types\/post"}],"author":[{"embeddable":true,"href":"https:\/\/develop.immobilienbusiness.ch\/de\/wp-json\/wp\/v2\/users\/23"}],"replies":[{"embeddable":true,"href":"https:\/\/develop.immobilienbusiness.ch\/de\/wp-json\/wp\/v2\/comments?post=1434"}],"version-history":[{"count":0,"href":"https:\/\/develop.immobilienbusiness.ch\/de\/wp-json\/wp\/v2\/posts\/1434\/revisions"}],"wp:attachment":[{"href":"https:\/\/develop.immobilienbusiness.ch\/de\/wp-json\/wp\/v2\/media?parent=1434"}],"wp:term":[{"taxonomy":"category","embeddable":true,"href":"https:\/\/develop.immobilienbusiness.ch\/de\/wp-json\/wp\/v2\/categories?post=1434"},{"taxonomy":"post_tag","embeddable":true,"href":"https:\/\/develop.immobilienbusiness.ch\/de\/wp-json\/wp\/v2\/tags?post=1434"}],"curies":[{"name":"wp","href":"https:\/\/api.w.org\/{rel}","templated":true}]}}