{"id":1428,"date":"2021-03-04T12:29:15","date_gmt":"2021-03-04T11:29:15","guid":{"rendered":"https:\/\/develop.immobilienbusiness.ch\/de\/allgemein\/2021-03-04\/kanton-uri-deutlicher-ruckgang-der-logiernachte\/"},"modified":"2021-03-04T12:29:15","modified_gmt":"2021-03-04T11:29:15","slug":"kanton-uri-deutlicher-ruckgang-der-logiernachte","status":"publish","type":"post","link":"https:\/\/develop.immobilienbusiness.ch\/de\/ib\/2021-03-04\/kanton-uri-deutlicher-ruckgang-der-logiernachte\/","title":{"rendered":"Kanton Uri: Deutlicher R\u00fcckgang der Logiern\u00e4chte"},"content":{"rendered":"<p><span><span><span>Insgesamt gab es im Kanton Uri im vergangenen Jahr rund 250.000 Hotel\u00fcbernachtungen, ein Minus von 16,4% gegen\u00fcber dem Vorjahr. Nach Zahlen des Bundesamtes f\u00fcr Statistik (BSF) wurden in der Ferienregion Andermatt rund 180.000 \u00dcbernachtungen in der Hotellerie (exkl. Parahotellerie) gez\u00e4hlt, das sind 5% weniger als 2019. Die Ferienregion Uri war st\u00e4rker von der Pandemie betroffen. Hier verzeichnet die Statistik rund 70.000 \u00dcbernachtungen, was ein Minus von 36% gegen\u00fcber dem Vorjahr bedeutet.<\/span><\/span><\/span><\/p>\n<p><span><span><span>Laut Thomas Christen, Tourismusdirektor der Andermatt-Urserntal Tourismus GmbH, sind im Dorf Andermatt die Logiern\u00e4chte lediglich um 0,5% gegen\u00fcber Vorjahr zur\u00fcckgegangen sind. Die Gemeinden Spiringen und Untersch\u00e4chen verzeichneten entgegen dem Trend sogar eine Zunahme der Logiern\u00e4chte im einstelligen Prozentbereich. <\/span><\/span><\/span><\/p>\n<p><span><span><span>Das wichtigste G\u00e4stesegment waren 2020 die Schweizerinnen und Schweizer. Besonders viele G\u00e4ste hat es den Angaben zufolge aus der Romandie gegeben. Dagegen sind die \u00dcbernachtungszahlen in Hotels, die sich auf ausl\u00e4ndische Gruppen spezialisiert haben, um 50% bis 90% eingebrochen.<\/span><\/span><\/span><\/p>\n","protected":false},"excerpt":{"rendered":"<p><span><span><span>Der Kanton Uri hat im vergangenen Jahr wegen der Corona-Pandemie 50.000 \u00dcbernachtungen weniger verzeichnet als noch 2019. In Andermatt fiel der R\u00fcckgang geringer aus als im Unterland.<\/span><\/span><\/span><\/p>\n","protected":false},"author":23,"featured_media":0,"comment_status":"closed","ping_status":"closed","sticky":false,"template":"","format":"standard","meta":{"_acf_changed":false,"footnotes":""},"categories":[5],"tags":[9,21],"class_list":["post-1428","post","type-post","status-publish","format-standard","hentry","category-ib","tag-hotels","tag-ur"],"acf":[],"_links":{"self":[{"href":"https:\/\/develop.immobilienbusiness.ch\/de\/wp-json\/wp\/v2\/posts\/1428","targetHints":{"allow":["GET"]}}],"collection":[{"href":"https:\/\/develop.immobilienbusiness.ch\/de\/wp-json\/wp\/v2\/posts"}],"about":[{"href":"https:\/\/develop.immobilienbusiness.ch\/de\/wp-json\/wp\/v2\/types\/post"}],"author":[{"embeddable":true,"href":"https:\/\/develop.immobilienbusiness.ch\/de\/wp-json\/wp\/v2\/users\/23"}],"replies":[{"embeddable":true,"href":"https:\/\/develop.immobilienbusiness.ch\/de\/wp-json\/wp\/v2\/comments?post=1428"}],"version-history":[{"count":0,"href":"https:\/\/develop.immobilienbusiness.ch\/de\/wp-json\/wp\/v2\/posts\/1428\/revisions"}],"wp:attachment":[{"href":"https:\/\/develop.immobilienbusiness.ch\/de\/wp-json\/wp\/v2\/media?parent=1428"}],"wp:term":[{"taxonomy":"category","embeddable":true,"href":"https:\/\/develop.immobilienbusiness.ch\/de\/wp-json\/wp\/v2\/categories?post=1428"},{"taxonomy":"post_tag","embeddable":true,"href":"https:\/\/develop.immobilienbusiness.ch\/de\/wp-json\/wp\/v2\/tags?post=1428"}],"curies":[{"name":"wp","href":"https:\/\/api.w.org\/{rel}","templated":true}]}}