{"id":1391,"date":"2021-03-01T09:24:32","date_gmt":"2021-03-01T08:24:32","guid":{"rendered":"https:\/\/develop.immobilienbusiness.ch\/de\/allgemein\/2021-03-01\/retail-zweite-corona-welle-fuhrt-zu-starken-umsatzeinbussen\/"},"modified":"2021-03-01T09:24:32","modified_gmt":"2021-03-01T08:24:32","slug":"retail-zweite-corona-welle-fuhrt-zu-starken-umsatzeinbussen","status":"publish","type":"post","link":"https:\/\/develop.immobilienbusiness.ch\/de\/ib\/2021-03-01\/retail-zweite-corona-welle-fuhrt-zu-starken-umsatzeinbussen\/","title":{"rendered":"Retail: Zweite Corona-Welle f\u00fchrt zu starken Umsatzeinbussen"},"content":{"rendered":"<p><span><span><span>Insgesamt betrachtet sind die Detailhandelsums\u00e4tze im Januar 2021 im Vergleich zum Vorjahresmonat nominal um 0,9% gefallen, das Minus gegen\u00fcber dem Vormonat lag bei 4,9% gesunken. Real, d.h. unter Ber\u00fccksichtigung der Teuerung, lag das Minus bei 0,5% bzw. 5,3%. Wie die am Montag publizierten Zahlen des Bundesamtes f\u00fcr Statistik (BFS) zeigen, sind nicht alle Branchen gleich stark von dem R\u00fcckgang betroffen.<\/span><\/span><\/span><\/p>\n<p><span><span><span>So hat der Detailhandel mit Nahrungsmitteln, Getr\u00e4nken und Tabakwaren laut BFS eine Zunahme des nominalen Umsatzes von 13,7% (real +13,9%) verzeichnet, w\u00e4hrend der Nicht-Nahrungsmittelsektor ein nominales Minus von 10,4% registrierte (real -10,1%). <\/span><\/span><\/span><\/p>\n<p><span><span><span>Insbesondere die Bereiche Bekleidung, Apotheken, Uhren und Schmuck waren von der zweiten Welle der Corona-Pandemie betroffen, hier gab es ein Minus von 19,2% (real -18,9%). Die Ums\u00e4tze mit Verlagsprodukten, Sportausr\u00fcstungen und Spielwaren gingen um 14,6% zur\u00fcck (real \u201315,1%). In der Branche \u00absonstige Haushaltsger\u00e4te, Textilien, Heimwerker- und Einrichtungsbedarf\u00bb verzeichnete das BFS ein Minus von 7,2% (real \u20137,4%). Die Tankstellen erlitten Umsatzeinbussen von 22,2% (real \u201316,4%).<\/span><\/span><\/span><\/p>\n<p><span><span><span>Ein deutliches Plus erreichte dagegen der Handel mit \u00abGer\u00e4ten der Informations- und Kommunikationstechnik\u00bb: Hier legten die Ums\u00e4tze um 32,3% zu (real +41,0%). Der Versand und der Internethandel verzeichneten mit +21,8% (real +21,9%) ebenfalls ein starkes Wachstum.<\/span><\/span><\/span><\/p>\n","protected":false},"excerpt":{"rendered":"<p><span><span><span>Insbesondere der Nicht-Nahrungsmittelsektor hat stark unter der zweiten Welle der Covid-19-Pandemie gelitten. Laut Bundesamt f\u00fcr Statistik (BFS) gingen die Ums\u00e4tze im Januar 2021 um rund 10% zur\u00fcck, wobei die einzelnen Branchen unterschiedlich betroffen waren.<\/span><\/span><\/span><\/p>\n","protected":false},"author":23,"featured_media":0,"comment_status":"closed","ping_status":"closed","sticky":false,"template":"","format":"standard","meta":{"_acf_changed":false,"footnotes":""},"categories":[5],"tags":[65],"class_list":["post-1391","post","type-post","status-publish","format-standard","hentry","category-ib","tag-studie-detailhandel"],"acf":[],"_links":{"self":[{"href":"https:\/\/develop.immobilienbusiness.ch\/de\/wp-json\/wp\/v2\/posts\/1391","targetHints":{"allow":["GET"]}}],"collection":[{"href":"https:\/\/develop.immobilienbusiness.ch\/de\/wp-json\/wp\/v2\/posts"}],"about":[{"href":"https:\/\/develop.immobilienbusiness.ch\/de\/wp-json\/wp\/v2\/types\/post"}],"author":[{"embeddable":true,"href":"https:\/\/develop.immobilienbusiness.ch\/de\/wp-json\/wp\/v2\/users\/23"}],"replies":[{"embeddable":true,"href":"https:\/\/develop.immobilienbusiness.ch\/de\/wp-json\/wp\/v2\/comments?post=1391"}],"version-history":[{"count":0,"href":"https:\/\/develop.immobilienbusiness.ch\/de\/wp-json\/wp\/v2\/posts\/1391\/revisions"}],"wp:attachment":[{"href":"https:\/\/develop.immobilienbusiness.ch\/de\/wp-json\/wp\/v2\/media?parent=1391"}],"wp:term":[{"taxonomy":"category","embeddable":true,"href":"https:\/\/develop.immobilienbusiness.ch\/de\/wp-json\/wp\/v2\/categories?post=1391"},{"taxonomy":"post_tag","embeddable":true,"href":"https:\/\/develop.immobilienbusiness.ch\/de\/wp-json\/wp\/v2\/tags?post=1391"}],"curies":[{"name":"wp","href":"https:\/\/api.w.org\/{rel}","templated":true}]}}