{"id":1359,"date":"2021-02-25T08:12:48","date_gmt":"2021-02-25T07:12:48","guid":{"rendered":"https:\/\/develop.immobilienbusiness.ch\/de\/allgemein\/2021-02-25\/bern-fambau-plant-quartier-mit-430-wohnungen\/"},"modified":"2021-02-25T08:12:48","modified_gmt":"2021-02-25T07:12:48","slug":"bern-fambau-plant-quartier-mit-430-wohnungen","status":"publish","type":"post","link":"https:\/\/develop.immobilienbusiness.ch\/de\/ib\/2021-02-25\/bern-fambau-plant-quartier-mit-430-wohnungen\/","title":{"rendered":"Bern: Fambau plant Quartier mit 430 Wohnungen"},"content":{"rendered":"<p><span><span><span>Die Familiensiedlung Meienegg im St\u00f6ckacker-Quartier im Stadtteil VI wurde zwischen 1949 und 1955 erstellt und weist heute erheblichen Sanierungsbedarf auf. Da sowohl Baustandard als auch Wohnungsgr\u00f6ssen nicht mehr zeitgem\u00e4ss seien, wolle man eine neue Wohn\u00fcberbauung anstelle der bestehenden Siedlung errichten, so die Fambau. <\/span><\/span><\/span><\/p>\n<p><span><span><span>Zwar sei die Siedlung Meienegg im Inventar der st\u00e4dtischen Denkmalpflege als \u00aberhaltenswert\u00bb eingestuft. Die st\u00e4dtebauliche Studie St\u00f6ckacker Nord habe jedoch aufgezeigt, dass sie mit einer neuen st\u00e4dtebaulichen Qualit\u00e4t ersetzt werden k\u00f6nne, aber der Etappierung in den weiteren Planungsschritten eine wichtige Bedeutung beigemessen werden m\u00fcsse, so Fambau weiter. Der Interessenabw\u00e4gung zwischen Teilerhalt und Erneuerung werde im weiteren Planungsprozess und der \u00f6ffentlichen Auseinandersetzung mit dem Wohnbau-Projekt starke gesellschaftspolitische Relevanz zukommen.<\/span><\/span><\/span><\/p>\n<p><span><span><span>Den Projektwettbewerb, den die Fambau mit der Stadt Bern durchf\u00fchrte, hat das Projekt Meie von Huggenbergerfries Architekten aus Z\u00fcrich gewonnen. Die Jury lobte eine an diesem Ort \u00abgrosse sozialr\u00e4umliche Qualit\u00e4t f\u00fcr eine zeitgem\u00e4sse, im Wohnungsangebot zukunftsweisende und architektonisch sehr gute Gesamt\u00fcberbauung.\u00bb Der Entwurf greife \u00abmit dem leicht anget\u00f6nten Motiv des Wohnhofs die Tradition genossenschaftlichen und urbanen Wohnens auf.\u00bb Auf diese Weise entstehe ein neuer Quartierteil mit einem Mehrwehrt f\u00fcr die Bewohnerschaft und die umliegenden Quartiere. Zudem sei mit dem Siegerprojekt eine gute und sozialvertr\u00e4gliche Etappierung mit funktionierenden Zwischenzust\u00e4nden m\u00f6glich. Geplant sind 430 Wohnungen in verschiedenen Gr\u00f6ssen und Typen. <\/span><\/span><\/span><\/p>\n<p><span><span><span>Das Projekt Meie wird nun weiterbearbeitet und soll die Grundlage f\u00fcr die \u00dcberbauungsordnung bilden. Sie wird im Lauf dieses Jahres ausgearbeitet und danach den Berner Stimmb\u00fcrgerinnen und Stimmb\u00fcrgern vorgelegt.<\/span><\/span><\/span><\/p>\n<p><span><span><span>Die Fambau Genossenschaft wurde 1945 gegr\u00fcndet und gilt heute mit einem Wohnungsangebot von rund 2.800 Einheiten als zweitgr\u00f6sste Wohnbaugenossenschaft der Schweiz.<\/span><\/span><\/span><\/p>\n","protected":false},"excerpt":{"rendered":"<p><span><span><span>Die Fambau Genossenschaft will ihre Siedlung Meienegg durch ein neues Stadtquartier ersetzen. Das B\u00fcro Huggenbergerfries hat den Projektwettbewerbs gewonnen.<\/span><\/span><\/span><\/p>\n","protected":false},"author":23,"featured_media":0,"comment_status":"closed","ping_status":"closed","sticky":false,"template":"","format":"standard","meta":{"_acf_changed":false,"footnotes":""},"categories":[5],"tags":[25,11,4],"class_list":["post-1359","post","type-post","status-publish","format-standard","hentry","category-ib","tag-be","tag-in-planung","tag-mehrfamilienhaus-miete"],"acf":[],"_links":{"self":[{"href":"https:\/\/develop.immobilienbusiness.ch\/de\/wp-json\/wp\/v2\/posts\/1359","targetHints":{"allow":["GET"]}}],"collection":[{"href":"https:\/\/develop.immobilienbusiness.ch\/de\/wp-json\/wp\/v2\/posts"}],"about":[{"href":"https:\/\/develop.immobilienbusiness.ch\/de\/wp-json\/wp\/v2\/types\/post"}],"author":[{"embeddable":true,"href":"https:\/\/develop.immobilienbusiness.ch\/de\/wp-json\/wp\/v2\/users\/23"}],"replies":[{"embeddable":true,"href":"https:\/\/develop.immobilienbusiness.ch\/de\/wp-json\/wp\/v2\/comments?post=1359"}],"version-history":[{"count":0,"href":"https:\/\/develop.immobilienbusiness.ch\/de\/wp-json\/wp\/v2\/posts\/1359\/revisions"}],"wp:attachment":[{"href":"https:\/\/develop.immobilienbusiness.ch\/de\/wp-json\/wp\/v2\/media?parent=1359"}],"wp:term":[{"taxonomy":"category","embeddable":true,"href":"https:\/\/develop.immobilienbusiness.ch\/de\/wp-json\/wp\/v2\/categories?post=1359"},{"taxonomy":"post_tag","embeddable":true,"href":"https:\/\/develop.immobilienbusiness.ch\/de\/wp-json\/wp\/v2\/tags?post=1359"}],"curies":[{"name":"wp","href":"https:\/\/api.w.org\/{rel}","templated":true}]}}