{"id":131,"date":"2020-02-21T09:25:05","date_gmt":"2020-02-21T08:25:05","guid":{"rendered":"https:\/\/develop.immobilienbusiness.ch\/de\/allgemein\/2020-02-21\/interlaken-sportgeschaft-an-der-jungfraustrasse-schliesst\/"},"modified":"2020-02-21T09:25:05","modified_gmt":"2020-02-21T08:25:05","slug":"interlaken-sportgeschaft-an-der-jungfraustrasse-schliesst","status":"publish","type":"post","link":"https:\/\/develop.immobilienbusiness.ch\/de\/ib\/2020-02-21\/interlaken-sportgeschaft-an-der-jungfraustrasse-schliesst\/","title":{"rendered":"Interlaken: Sportgesch\u00e4ft an der Jungfraustrasse schliesst"},"content":{"rendered":"<p><span><span><span><span><span>April 2020.<\/span><\/span><\/span><\/span><\/span><\/p>\n<p><span><span><span><span><span>Laut einer Mitteilung von Vertical Sport wird die <\/span>Paragliding Interlaken GmbH die Vertical Sport AG \u00fcbernehmen. Das Gesch\u00e4ftslokal an der Jungfraustrasse 44 will das Unternehmen f\u00fcr B\u00fcror\u00e4umlichkeiten und als Verkaufsstelle nutzen.<\/span><\/span><\/span><\/span><\/p>\n","protected":false},"excerpt":{"rendered":"<p><span><span><span><span><span>Das Bergsportfachgesch\u00e4ft Vertical Sport an der Jungfraustrasse 44 in Interlaken (BE) schliesst per 30. April 2020.<\/span><\/span><\/span><\/span><\/span><\/p>\n","protected":false},"author":23,"featured_media":0,"comment_status":"closed","ping_status":"closed","sticky":false,"template":"","format":"standard","meta":{"_acf_changed":false,"footnotes":""},"categories":[5],"tags":[25,16],"class_list":["post-131","post","type-post","status-publish","format-standard","hentry","category-ib","tag-be","tag-retail"],"acf":[],"_links":{"self":[{"href":"https:\/\/develop.immobilienbusiness.ch\/de\/wp-json\/wp\/v2\/posts\/131","targetHints":{"allow":["GET"]}}],"collection":[{"href":"https:\/\/develop.immobilienbusiness.ch\/de\/wp-json\/wp\/v2\/posts"}],"about":[{"href":"https:\/\/develop.immobilienbusiness.ch\/de\/wp-json\/wp\/v2\/types\/post"}],"author":[{"embeddable":true,"href":"https:\/\/develop.immobilienbusiness.ch\/de\/wp-json\/wp\/v2\/users\/23"}],"replies":[{"embeddable":true,"href":"https:\/\/develop.immobilienbusiness.ch\/de\/wp-json\/wp\/v2\/comments?post=131"}],"version-history":[{"count":0,"href":"https:\/\/develop.immobilienbusiness.ch\/de\/wp-json\/wp\/v2\/posts\/131\/revisions"}],"wp:attachment":[{"href":"https:\/\/develop.immobilienbusiness.ch\/de\/wp-json\/wp\/v2\/media?parent=131"}],"wp:term":[{"taxonomy":"category","embeddable":true,"href":"https:\/\/develop.immobilienbusiness.ch\/de\/wp-json\/wp\/v2\/categories?post=131"},{"taxonomy":"post_tag","embeddable":true,"href":"https:\/\/develop.immobilienbusiness.ch\/de\/wp-json\/wp\/v2\/tags?post=131"}],"curies":[{"name":"wp","href":"https:\/\/api.w.org\/{rel}","templated":true}]}}