{"id":128,"date":"2020-02-21T09:21:43","date_gmt":"2020-02-21T08:21:43","guid":{"rendered":"https:\/\/develop.immobilienbusiness.ch\/de\/allgemein\/2020-02-21\/uri-mehr-geld-fur-energetische-sanierungen\/"},"modified":"2020-02-21T09:21:43","modified_gmt":"2020-02-21T08:21:43","slug":"uri-mehr-geld-fur-energetische-sanierungen","status":"publish","type":"post","link":"https:\/\/develop.immobilienbusiness.ch\/de\/ib\/2020-02-21\/uri-mehr-geld-fur-energetische-sanierungen\/","title":{"rendered":"Uri: Mehr Geld f\u00fcr energetische Sanierungen"},"content":{"rendered":"<p><span><span><span><span>Der Kanton Uri steigert den Fl\u00e4chenbeitrag f\u00fcr die Sanierung von Geb\u00e4udeh\u00fcllen von bisher 60 CHF auf neu 80 CHF, ein Plus von 33 Prozent. Nach Angaben des Kantons liege man damit in der Zentralschweiz an der Spitze. Zudem werden Boni f\u00fcr umfassend sanierte Geb\u00e4udeh\u00fclle ab 20.000 CHF ausgesch\u00fcttet, wenn die Energieeffizienzklasse mindestens ein C erreicht.<\/span><\/span><\/span><\/span><\/p>\n<p><span><span><span><span>Insgesamt stehen in diesem Jahr nach Kantonsangaben rund drei Millionen CHF bereit; die Gelder stammen mehrheitlich aus der CO2-Abgabe des Bundes. In den vergangenen Jahren wurden mit dem F\u00f6rderprogramm Energie Uri jedes Jahr 1,5 bis fast 2,5 Millionen CHF zugesichert.<\/span><\/span><\/span><\/span><\/p>\n<p><span><span><span><span>Anspruch auf die F\u00f6rderung haben alle Eigent\u00fcmer von Immobilien, egal ob Privatpersonen oder Unternehmen. Unterst\u00fctzt wird die Sanierung sowohl Wohn- als auch von Gewerbeimmobilien. <\/span><\/span><\/span><\/span><\/p>\n","protected":false},"excerpt":{"rendered":"<p><span><span><span><span>Der Kanton Uri erh\u00f6ht im Jahr 2020 die F\u00f6rdermittel f\u00fcr Hauseigent\u00fcmer, die Geb\u00e4udeh\u00fcllen sanieren, um ein Drittel.<\/span><\/span><\/span><\/span><\/p>\n","protected":false},"author":23,"featured_media":0,"comment_status":"closed","ping_status":"closed","sticky":false,"template":"","format":"standard","meta":{"_acf_changed":false,"footnotes":""},"categories":[5],"tags":[21],"class_list":["post-128","post","type-post","status-publish","format-standard","hentry","category-ib","tag-ur"],"acf":[],"_links":{"self":[{"href":"https:\/\/develop.immobilienbusiness.ch\/de\/wp-json\/wp\/v2\/posts\/128","targetHints":{"allow":["GET"]}}],"collection":[{"href":"https:\/\/develop.immobilienbusiness.ch\/de\/wp-json\/wp\/v2\/posts"}],"about":[{"href":"https:\/\/develop.immobilienbusiness.ch\/de\/wp-json\/wp\/v2\/types\/post"}],"author":[{"embeddable":true,"href":"https:\/\/develop.immobilienbusiness.ch\/de\/wp-json\/wp\/v2\/users\/23"}],"replies":[{"embeddable":true,"href":"https:\/\/develop.immobilienbusiness.ch\/de\/wp-json\/wp\/v2\/comments?post=128"}],"version-history":[{"count":0,"href":"https:\/\/develop.immobilienbusiness.ch\/de\/wp-json\/wp\/v2\/posts\/128\/revisions"}],"wp:attachment":[{"href":"https:\/\/develop.immobilienbusiness.ch\/de\/wp-json\/wp\/v2\/media?parent=128"}],"wp:term":[{"taxonomy":"category","embeddable":true,"href":"https:\/\/develop.immobilienbusiness.ch\/de\/wp-json\/wp\/v2\/categories?post=128"},{"taxonomy":"post_tag","embeddable":true,"href":"https:\/\/develop.immobilienbusiness.ch\/de\/wp-json\/wp\/v2\/tags?post=128"}],"curies":[{"name":"wp","href":"https:\/\/api.w.org\/{rel}","templated":true}]}}