{"id":124,"date":"2020-02-15T13:24:00","date_gmt":"2020-02-15T12:24:00","guid":{"rendered":"https:\/\/develop.immobilienbusiness.ch\/de\/allgemein\/2020-02-15\/liestal-manor-schliesst-supermarkt\/"},"modified":"2020-02-15T13:24:00","modified_gmt":"2020-02-15T12:24:00","slug":"liestal-manor-schliesst-supermarkt","status":"publish","type":"post","link":"https:\/\/develop.immobilienbusiness.ch\/de\/ib\/2020-02-15\/liestal-manor-schliesst-supermarkt\/","title":{"rendered":"Liestal: Manor schliesst Supermarkt"},"content":{"rendered":"<p>Man sei zwecks Nachfolgel\u00f6sung bereits in Gespr\u00e4chen mit Mitbewerbern, so das Unternehmen. Der Standort befindet sich im B\u00fccheli-Center an der Buechelistrasse 10 in Liestal.<\/p>\n<p>Man habe das Filialnetz mit Blick auf Frequenz, Umsatzentwicklung, Konkurrenzsituation sowie Lage analysiert und dem Marktpotenzial sowie den notwendigen Sachinvestitionen gegen\u00fcbergestellt. Dabei sei man zum Schluss, unter anderem f\u00fcr den Supermarkt in Liestal eine Nachfolgel\u00f6sung zu suchen, schreibt Manor in einer Mitteilung. Insgesamt sollen zwei der 31 Superm\u00e4rkte aufgegeben werden. Neben dem Standort in Liestal trifft es auch den Markt in Del\u00e9mont.<\/p>\n","protected":false},"excerpt":{"rendered":"<p>Manor hat angek\u00fcndigt, den Supermarkt in Liestal (BL) nicht mehr weiter betreiben zu wollen.<\/p>\n","protected":false},"author":23,"featured_media":0,"comment_status":"closed","ping_status":"closed","sticky":false,"template":"","format":"standard","meta":{"_acf_changed":false,"footnotes":""},"categories":[5],"tags":[18,16,17],"class_list":["post-124","post","type-post","status-publish","format-standard","hentry","category-ib","tag-bl","tag-retail","tag-verfugbare-flache"],"acf":[],"_links":{"self":[{"href":"https:\/\/develop.immobilienbusiness.ch\/de\/wp-json\/wp\/v2\/posts\/124","targetHints":{"allow":["GET"]}}],"collection":[{"href":"https:\/\/develop.immobilienbusiness.ch\/de\/wp-json\/wp\/v2\/posts"}],"about":[{"href":"https:\/\/develop.immobilienbusiness.ch\/de\/wp-json\/wp\/v2\/types\/post"}],"author":[{"embeddable":true,"href":"https:\/\/develop.immobilienbusiness.ch\/de\/wp-json\/wp\/v2\/users\/23"}],"replies":[{"embeddable":true,"href":"https:\/\/develop.immobilienbusiness.ch\/de\/wp-json\/wp\/v2\/comments?post=124"}],"version-history":[{"count":0,"href":"https:\/\/develop.immobilienbusiness.ch\/de\/wp-json\/wp\/v2\/posts\/124\/revisions"}],"wp:attachment":[{"href":"https:\/\/develop.immobilienbusiness.ch\/de\/wp-json\/wp\/v2\/media?parent=124"}],"wp:term":[{"taxonomy":"category","embeddable":true,"href":"https:\/\/develop.immobilienbusiness.ch\/de\/wp-json\/wp\/v2\/categories?post=124"},{"taxonomy":"post_tag","embeddable":true,"href":"https:\/\/develop.immobilienbusiness.ch\/de\/wp-json\/wp\/v2\/tags?post=124"}],"curies":[{"name":"wp","href":"https:\/\/api.w.org\/{rel}","templated":true}]}}