{"id":1237,"date":"2021-02-03T08:40:05","date_gmt":"2021-02-03T07:40:05","guid":{"rendered":"https:\/\/develop.immobilienbusiness.ch\/de\/allgemein\/2021-02-03\/graffenried-fonds-schliesst-erste-kapitalerhohung-ab\/"},"modified":"2021-02-03T08:40:05","modified_gmt":"2021-02-03T07:40:05","slug":"graffenried-fonds-schliesst-erste-kapitalerhohung-ab","status":"publish","type":"post","link":"https:\/\/develop.immobilienbusiness.ch\/de\/ib\/2021-02-03\/graffenried-fonds-schliesst-erste-kapitalerhohung-ab\/","title":{"rendered":"Graffenried-Fonds schliesst erste Kapitalerh\u00f6hung ab"},"content":{"rendered":"<p><span><span><span>Wie die Privatbank Von Graffenried mitteilt, wurden f\u00fcr den im M\u00e4rz 2020 lancierten Immobilienfonds GR Immobilien Schweiz knapp 309.000 neue Aktien zu einem Emissionspreis von 106,34 CHF je Anteil ausgegeben.<\/span><\/span><\/span><\/p>\n<p><span><span><span>Mit den Mitteln aus der Kapitalerh\u00f6hung soll laut Von Graffenried das weitere Wachstum des Fonds finanziert werden, unter anderem sind Zuk\u00e4ufe geplant. Auch ein Bestandesobjekt mit 96 Wohnungen in Wabern soll saniert werden. Zudem will man tempor\u00e4r das Fremdkapital zur\u00fcckbezahlen.<\/span><\/span><\/span><\/p>\n<p><span><span><span>Der Investitionsfokus des GR Immobilien Schweiz liegt auf dem Espace Mitteland. Der von Von Graffenried verwaltete Fonds hat seit seiner Lancierung f\u00fcnf Wohn\u00fcberbauungen mit insgesamt 233 Wohnungen an ausschliesslich st\u00e4dtischen Lagen erworben. <\/span><\/span><\/span><\/p>\n<p><span><span><span>Die Fondsleitung nimmt die Solufonds AG wahr, die Liegenschaften werden durch die Von Graffenried AG Liegenschaften bewirtschaftet.<\/span><\/span><\/span><\/p>\n","protected":false},"excerpt":{"rendered":"<p><span><span><span>Der Immobilienfonds GR Immobilien Schweiz der Von Graffenried Immobilien SICAV hat im Rahmen seiner ersten Kapitalerh\u00f6hung 33 Millionen CHF eingenommen.<\/span><\/span><\/span><\/p>\n","protected":false},"author":23,"featured_media":0,"comment_status":"closed","ping_status":"closed","sticky":false,"template":"","format":"standard","meta":{"_acf_changed":false,"footnotes":""},"categories":[5],"tags":[35,4,29],"class_list":["post-1237","post","type-post","status-publish","format-standard","hentry","category-ib","tag-immobilienfonds","tag-mehrfamilienhaus-miete","tag-potentieller-kaufer"],"acf":[],"_links":{"self":[{"href":"https:\/\/develop.immobilienbusiness.ch\/de\/wp-json\/wp\/v2\/posts\/1237","targetHints":{"allow":["GET"]}}],"collection":[{"href":"https:\/\/develop.immobilienbusiness.ch\/de\/wp-json\/wp\/v2\/posts"}],"about":[{"href":"https:\/\/develop.immobilienbusiness.ch\/de\/wp-json\/wp\/v2\/types\/post"}],"author":[{"embeddable":true,"href":"https:\/\/develop.immobilienbusiness.ch\/de\/wp-json\/wp\/v2\/users\/23"}],"replies":[{"embeddable":true,"href":"https:\/\/develop.immobilienbusiness.ch\/de\/wp-json\/wp\/v2\/comments?post=1237"}],"version-history":[{"count":0,"href":"https:\/\/develop.immobilienbusiness.ch\/de\/wp-json\/wp\/v2\/posts\/1237\/revisions"}],"wp:attachment":[{"href":"https:\/\/develop.immobilienbusiness.ch\/de\/wp-json\/wp\/v2\/media?parent=1237"}],"wp:term":[{"taxonomy":"category","embeddable":true,"href":"https:\/\/develop.immobilienbusiness.ch\/de\/wp-json\/wp\/v2\/categories?post=1237"},{"taxonomy":"post_tag","embeddable":true,"href":"https:\/\/develop.immobilienbusiness.ch\/de\/wp-json\/wp\/v2\/tags?post=1237"}],"curies":[{"name":"wp","href":"https:\/\/api.w.org\/{rel}","templated":true}]}}