{"id":1219,"date":"2021-01-28T15:12:37","date_gmt":"2021-01-28T14:12:37","guid":{"rendered":"https:\/\/develop.immobilienbusiness.ch\/de\/allgemein\/2021-01-28\/pom-consulting-ag-wechsel-an-der-unternehmensspitze\/"},"modified":"2021-01-28T15:12:37","modified_gmt":"2021-01-28T14:12:37","slug":"pom-consulting-ag-wechsel-an-der-unternehmensspitze","status":"publish","type":"post","link":"https:\/\/develop.immobilienbusiness.ch\/de\/ib\/2021-01-28\/pom-consulting-ag-wechsel-an-der-unternehmensspitze\/","title":{"rendered":"Pom+Consulting AG: Wechsel an der Unternehmensspitze"},"content":{"rendered":"<p><span><span>Nach 25 erfolgreichen Jahren gibt sich die Pom+Consulting AG mit dem Partnermodell eine neue Struktur. Das Unternehmen ist in den letzten Jahren stark gewachsen und hat sich dabei kontinuierlich den wandelnden Marktanforderungen angepasst. Mit der Anpassung der Organisation wolle man nun die n\u00e4chsten Wachstumsschritte einleiten, teilt die Gesellschaft mit. Das neu Partnergremium werde von den <\/span><\/span><span><span>bisherigen Aktion\u00e4re Giuseppe Bilotta, Martin Cremosnik, Simon Caspar und St\u00e9phane Maye gebildet; Dennis Goedde, COO, und neu auch Stefan Schneider, Head of Business Unit Future Lab, erg\u00e4nzten die Gesch\u00e4ftsleitung. Die Funktion des Managing Partner wechsele im Jahresrhythmus; St\u00e9phane Maye \u00fcbernehme als erster diese Funktion. <\/span><\/span><\/p>\n<p><span><span>Ferner teilt Pom+ mit, dass Mark Honauer nach neun Jahren als Mitglied und Pr\u00e4sident des Verwaltungsrates per 31. Januar 2021 zur\u00fccktritt und wird von Peter Staub, dem Gr\u00fcnder und bisherigen CEO abgel\u00f6st wird, der seine umfassenden Kompetenzen und sein Know-how in Zukunft auf strategischer Ebene einbringen werde. \u00abPom+ ist ein Unternehmen, welches zu den Vordenkern der Immobilienbranche geh\u00f6rt. Diese Position zusammen mit dem hochprofessionellem operativen Team weiter auszubauen, ist eine Herausforderung, die mich strategisch reizt und fordert\u00bb, sagt Staub.<\/span><\/span><\/p>\n<p><span><span>Mit Peter Staubs Wechsel in den Verwaltungsrat tritt Stefan Schneider (33) per 1. Februar 2021 als neues Mitglied in die Gesch\u00e4ftsleitung ein und \u00fcbernimmt die Leitung der Business Unit Future Lab. \u00abMit dem Ausbau unserer bestehenden Leistungen im Trend- und Technologiemonitoring, PropTech Scouting und Research st\u00e4rken wir die Digitalisierung als strategischen Schwerpunkt in unserem Portfolio weiter\u00bb, so der geb\u00fcrtige Ostschweizer.\u00a0 <\/span><\/span><span><span>Schneider, gelernter Hochbauzeichner, h\u00e4lt einen Bachelor of Science in Facility Management und hat seine Immobilienkenntnisse \u00fcber sechs Jahr lang in verschiedenen Projekten bei Pom+ eingebracht, unter anderem als Gesamtprojektleiter f\u00fcr \u00f6ffentliche Grossprojekte. Ausserdem war er als Standortleiter zust\u00e4ndig f\u00fcr den Aufbau der St. Galler Niederlassung. Die letzten beiden Jahre war er als Experte in einer UN-Friedensmission sowie als selbst\u00e4ndiger Trend- und Technology Scout in Asien t\u00e4tig.<\/span><\/span><\/p>\n","protected":false},"excerpt":{"rendered":"<p><span><span>Die Pom+Consulting AG, ein f\u00fcr Immobilien, Infrastrukturen und Organisationen t\u00e4tiges Schweizer Beratungsunternehmen, wird ab dem 1. Februar in einem Managing Partner Modell weitergef\u00fchrt. St\u00e9phane Maye wird neuer Managing Partner, Peter Staub neuer Verwaltungsratspr\u00e4sident.<\/span><\/span><\/p>\n","protected":false},"author":24,"featured_media":0,"comment_status":"closed","ping_status":"closed","sticky":false,"template":"","format":"standard","meta":{"_acf_changed":false,"footnotes":""},"categories":[5],"tags":[69,74],"class_list":["post-1219","post","type-post","status-publish","format-standard","hentry","category-ib","tag-beratungsunternehmen","tag-personalia"],"acf":[],"_links":{"self":[{"href":"https:\/\/develop.immobilienbusiness.ch\/de\/wp-json\/wp\/v2\/posts\/1219","targetHints":{"allow":["GET"]}}],"collection":[{"href":"https:\/\/develop.immobilienbusiness.ch\/de\/wp-json\/wp\/v2\/posts"}],"about":[{"href":"https:\/\/develop.immobilienbusiness.ch\/de\/wp-json\/wp\/v2\/types\/post"}],"author":[{"embeddable":true,"href":"https:\/\/develop.immobilienbusiness.ch\/de\/wp-json\/wp\/v2\/users\/24"}],"replies":[{"embeddable":true,"href":"https:\/\/develop.immobilienbusiness.ch\/de\/wp-json\/wp\/v2\/comments?post=1219"}],"version-history":[{"count":0,"href":"https:\/\/develop.immobilienbusiness.ch\/de\/wp-json\/wp\/v2\/posts\/1219\/revisions"}],"wp:attachment":[{"href":"https:\/\/develop.immobilienbusiness.ch\/de\/wp-json\/wp\/v2\/media?parent=1219"}],"wp:term":[{"taxonomy":"category","embeddable":true,"href":"https:\/\/develop.immobilienbusiness.ch\/de\/wp-json\/wp\/v2\/categories?post=1219"},{"taxonomy":"post_tag","embeddable":true,"href":"https:\/\/develop.immobilienbusiness.ch\/de\/wp-json\/wp\/v2\/tags?post=1219"}],"curies":[{"name":"wp","href":"https:\/\/api.w.org\/{rel}","templated":true}]}}