{"id":1196,"date":"2021-01-22T16:09:30","date_gmt":"2021-01-22T15:09:30","guid":{"rendered":"https:\/\/develop.immobilienbusiness.ch\/de\/allgemein\/2021-01-22\/lugano-swisscom-gebaude-wird-zum-atelier-dei-venti\/"},"modified":"2021-01-22T16:09:30","modified_gmt":"2021-01-22T15:09:30","slug":"lugano-swisscom-gebaude-wird-zum-atelier-dei-venti","status":"publish","type":"post","link":"https:\/\/develop.immobilienbusiness.ch\/de\/ib\/2021-01-22\/lugano-swisscom-gebaude-wird-zum-atelier-dei-venti\/","title":{"rendered":"Lugano: Swisscom-Geb\u00e4ude wird zum &#8222;Atelier dei venti&#8220;"},"content":{"rendered":"<p><span><span>Das Projekt &#8222;Atelier dei venti&#8220; geht auf eine Idee von Luca Maria Gambardella, Professor an der Fakult\u00e4t f\u00fcr Informatik der USI und Mitglied des Dalle Molle Instituts f\u00fcr Studien zur KI K\u00fcnstlichen Intelligenz zur\u00fcck, einen Treffpunkt in Lugano zu schaffen, an dem K\u00fcnstler, Wissenschaftler, Schriftsteller und junge Leute Ideen, Initiativen, Vorschl\u00e4ge und F\u00e4higkeiten austauschen k\u00f6nnen. Die Stadtverwaltung von Lugano, die gem\u00e4ss ihrer Entwicklungsrichtlinien 2018 &#8211; 2028 das soziale und wirtschaftliche Wachstum der Stadt mit Projekten und Initiativen f\u00f6rdert, will mit dem beantragten Kredit in H\u00f6he von 4,98 Mio. CHF das ehemalige Swisscom-Geb\u00e4ude in Stadtquartier Viganello renovieren lassen, um Raum f\u00fcr das &#8222;Atelier dei venti&#8220; zu schaffen. Das Projekt\u00a0 wird von Lugano Living Lab und seinen Partnern USI, IDSIA, ATED-Ict Ticino, L&#8217;ideatorio und Impact Hub Ticino begr\u00fcsst und unterst\u00fctzt.<\/span><\/span><\/p>\n<p><span><span>Das vom Architekten Rino Tami entworfene Geb\u00e4ude soll einen multidisziplin\u00e4ren Raum f\u00fcr Aktivit\u00e4ten im Bereich Innovation, Technologie und Gesellschaft beherbergen, ferner Labore, Kunstateliers, einen digitalen Bereich, Tagungsr\u00e4ume und Workshops. Im Untergeschoss will die Stadt ihr Rechenzentrum unterbringen. Vorbehaltlich der Genehmigung der Verwaltung werde auch die Swisscom Fl\u00e4chen in dem Geb\u00e4ude mieten, teilt die Stadt mit. An den Kosten f\u00fcr den Ausbau des Rechenzentrums wolle sich die Swisscom mit 1,5 Mio. CHF beteiligen.<\/span><\/span><\/p>\n<p>\u00a0<\/p>\n","protected":false},"excerpt":{"rendered":"<p><span><span>Der Stadtratvon Lugano hat einen Kredit von 4,98 Mio. CHF f\u00fcr die Sanierung des ehemaligen Swisscom-Geb\u00e4udes an der Via Generale Guisan in Viganello genehmigt. Ziel ist, das Geb\u00e4ude aufzuwerten und darin mit dem &#8222;Atelier dei venti&#8220; Raum f\u00fcr Kultur, Wissenschaft, Kunst, Technologie und Innovation zu schaffen.<\/span><\/span><\/p>\n","protected":false},"author":24,"featured_media":0,"comment_status":"closed","ping_status":"closed","sticky":false,"template":"","format":"standard","meta":{"_acf_changed":false,"footnotes":""},"categories":[5],"tags":[7,73,11,49],"class_list":["post-1196","post","type-post","status-publish","format-standard","hentry","category-ib","tag-buro","tag-datacenter","tag-in-planung","tag-ti"],"acf":[],"_links":{"self":[{"href":"https:\/\/develop.immobilienbusiness.ch\/de\/wp-json\/wp\/v2\/posts\/1196","targetHints":{"allow":["GET"]}}],"collection":[{"href":"https:\/\/develop.immobilienbusiness.ch\/de\/wp-json\/wp\/v2\/posts"}],"about":[{"href":"https:\/\/develop.immobilienbusiness.ch\/de\/wp-json\/wp\/v2\/types\/post"}],"author":[{"embeddable":true,"href":"https:\/\/develop.immobilienbusiness.ch\/de\/wp-json\/wp\/v2\/users\/24"}],"replies":[{"embeddable":true,"href":"https:\/\/develop.immobilienbusiness.ch\/de\/wp-json\/wp\/v2\/comments?post=1196"}],"version-history":[{"count":0,"href":"https:\/\/develop.immobilienbusiness.ch\/de\/wp-json\/wp\/v2\/posts\/1196\/revisions"}],"wp:attachment":[{"href":"https:\/\/develop.immobilienbusiness.ch\/de\/wp-json\/wp\/v2\/media?parent=1196"}],"wp:term":[{"taxonomy":"category","embeddable":true,"href":"https:\/\/develop.immobilienbusiness.ch\/de\/wp-json\/wp\/v2\/categories?post=1196"},{"taxonomy":"post_tag","embeddable":true,"href":"https:\/\/develop.immobilienbusiness.ch\/de\/wp-json\/wp\/v2\/tags?post=1196"}],"curies":[{"name":"wp","href":"https:\/\/api.w.org\/{rel}","templated":true}]}}