{"id":1158,"date":"2020-09-04T09:45:36","date_gmt":"2020-09-04T07:45:36","guid":{"rendered":"https:\/\/develop.immobilienbusiness.ch\/de\/allgemein\/2020-09-04\/basel-planungspartner-prasentieren-erste-ideen-fur-das-klybeck\/"},"modified":"2020-09-04T09:45:36","modified_gmt":"2020-09-04T07:45:36","slug":"basel-planungspartner-prasentieren-erste-ideen-fur-das-klybeck","status":"publish","type":"post","link":"https:\/\/develop.immobilienbusiness.ch\/de\/ib\/2020-09-04\/basel-planungspartner-prasentieren-erste-ideen-fur-das-klybeck\/","title":{"rendered":"Basel: Planungspartner pr\u00e4sentieren erste Ideen f\u00fcr das Klybeck"},"content":{"rendered":"<p><span><span><span>Das 300.000 qm grosse Klybeckareal gilt als eines der gr\u00f6ssten Entwicklungsgebiete der Schweiz und soll zu einem neuen Basler Stadtquartier entwickelt werden. Wie das aussehen k\u00f6nnte, haben nun erstmals die Planungspartner Central Real Estate Basel, Swiss Life und der Kanton Basel-Stadt vorgestellt. Ihre \u00abVision klybeckplus: Ein Mehrwert f\u00fcr Basel\u00bb wurde mit den Zukunftsforscherinnen von K\u00fchne Wicki erarbeitet. <\/span><\/span><\/span><\/p>\n<p><span><span><span>Abstrakt nennen sie \u00abmehr Mut zu grossem Denken, mehr Experimentierfreude, mehr Produktionsst\u00e4tten f\u00fcr die Zukunft und mehr soziale Innovation\u00bb als Ziele, die mit der Arealentwicklung verbunden werden. Festgefahrene Muster &#8211; baulich und r\u00e4umlich, sozial und wirtschaftlich, im Zusammenspiel von Lebensbereichen und Nutzungen \u2013 sollen hinterfragt werden und man will nach neuen L\u00f6sungen suchen, etwa f\u00fcr Fragen rund um Klima, Bebauung und Mobilit\u00e4t. Ziel sei auch eine soziale Durchmischung, wobei neue Formen des Zusammenlebens und der Nachbarschaft erprobt werden sollen. <\/span><\/span><\/span><\/p>\n<p><span><span><span>Konkret sollen auf dem Areal ein Drittel g\u00fcnstiger Wohnraum, ein Drittel f\u00fcr den Mittelstand und ein Drittel hochpreisige Wohnungen entstehen. Zudem k\u00f6nnten sich urbane Landwirtschaft oder Recyclingsbetriebe auf dem Areal ansiedeln, hei\u00dft es weiter.<\/span><\/span><\/span><\/p>\n<p><span><span><span>Mit dem Vorstellen der Vision ist auch die zweite Planungsphase von Klybeckplus eingel\u00e4utet worden, die die Erarbeitung eines st\u00e4dtebaulichen Leitbilds und eines st\u00e4dtebaulichen Vertrags zum Inhalt hat. F\u00fcr die Leitbildentwicklung wird ein interdisziplin\u00e4res Planungsteam aus Diener &amp; Diener Architekten aus Basel, Vogt Landschaftsarchitekten aus Z\u00fcrich und Gruner Verkehrsplaner aus Basel verantwortlich sein. Es hat im August 2020 seine Arbeit aufgenommen und soll sie bis Mitte 2021 abschliessen. Danach soll der st\u00e4dtebauliche Vertrag ausgearbeitet werden, der die weitere Zusammenarbeit zwischen der \u00f6ffentlichen Hand und den privaten Grundeigent\u00fcmerinnen regelt. Um die Bev\u00f6lkerung einzubinden, werden im Herbst verschiedene Veranstaltungen durchgef\u00fchrt. <\/span><\/span><\/span><\/p>\n","protected":false},"excerpt":{"rendered":"<p><span><span><span>Die Planungspartner Central Real Estate Basel, Swiss Life und der Kanton Basel-Stadt haben die \u00abVision klybeckplus: Ein Mehrwert f\u00fcr Basel\u00bb vorgestellt. Gleichzeitig startet die st\u00e4dtebauliche Planung f\u00fcr das Areal.<\/span><\/span><\/span><\/p>\n","protected":false},"author":23,"featured_media":0,"comment_status":"closed","ping_status":"closed","sticky":false,"template":"","format":"standard","meta":{"_acf_changed":false,"footnotes":""},"categories":[5],"tags":[2,11],"class_list":["post-1158","post","type-post","status-publish","format-standard","hentry","category-ib","tag-bs","tag-in-planung"],"acf":[],"_links":{"self":[{"href":"https:\/\/develop.immobilienbusiness.ch\/de\/wp-json\/wp\/v2\/posts\/1158","targetHints":{"allow":["GET"]}}],"collection":[{"href":"https:\/\/develop.immobilienbusiness.ch\/de\/wp-json\/wp\/v2\/posts"}],"about":[{"href":"https:\/\/develop.immobilienbusiness.ch\/de\/wp-json\/wp\/v2\/types\/post"}],"author":[{"embeddable":true,"href":"https:\/\/develop.immobilienbusiness.ch\/de\/wp-json\/wp\/v2\/users\/23"}],"replies":[{"embeddable":true,"href":"https:\/\/develop.immobilienbusiness.ch\/de\/wp-json\/wp\/v2\/comments?post=1158"}],"version-history":[{"count":0,"href":"https:\/\/develop.immobilienbusiness.ch\/de\/wp-json\/wp\/v2\/posts\/1158\/revisions"}],"wp:attachment":[{"href":"https:\/\/develop.immobilienbusiness.ch\/de\/wp-json\/wp\/v2\/media?parent=1158"}],"wp:term":[{"taxonomy":"category","embeddable":true,"href":"https:\/\/develop.immobilienbusiness.ch\/de\/wp-json\/wp\/v2\/categories?post=1158"},{"taxonomy":"post_tag","embeddable":true,"href":"https:\/\/develop.immobilienbusiness.ch\/de\/wp-json\/wp\/v2\/tags?post=1158"}],"curies":[{"name":"wp","href":"https:\/\/api.w.org\/{rel}","templated":true}]}}