{"id":1145,"date":"2021-01-11T09:50:58","date_gmt":"2021-01-11T08:50:58","guid":{"rendered":"https:\/\/develop.immobilienbusiness.ch\/de\/allgemein\/2021-01-11\/hotels-11-weniger-logiernachte-uber-die-feiertage\/"},"modified":"2021-01-11T09:50:58","modified_gmt":"2021-01-11T08:50:58","slug":"hotels-11-weniger-logiernachte-uber-die-feiertage","status":"publish","type":"post","link":"https:\/\/develop.immobilienbusiness.ch\/de\/ib\/2021-01-11\/hotels-11-weniger-logiernachte-uber-die-feiertage\/","title":{"rendered":"Hotels: 11% weniger Logiern\u00e4chte \u00fcber die Feiertage"},"content":{"rendered":"<p><span><span><span>Nach Angaben von Schweiz Tourismus (ST) meldeten die Tourismusbetriebe in den Bergregionen ein Minus von 11% bei den Hotellogiern\u00e4chten gegen\u00fcber dem Vorjahr. Die Bilanz bei den Besucherfrequenzen ist noch d\u00fcsterer: Gegen\u00fcber den Festtagen 2019\/20 ging die Zahl der Tagesg\u00e4ste um rund 26% zur\u00fcck.<\/span><\/span><\/span><\/p>\n<p><span><span><span>Auff\u00e4llige Ver\u00e4nderungen habe es im Buchungsverhalten gegeben, so ST: Die Tourismusanbieter verzeichneten zahlreiche und oft sehr kurzfristige Stornierungen und Umbuchungen. Und wenn gebucht wurde, dann mehrheitlich sehr kurzfristig und oft bloss f\u00fcr k\u00fcrzere Aufenthaltsdauern.<\/span><\/span><\/span><\/p>\n<p><span><span><span>Die Schutzmassnahmen im Zusammenhang mit der Corona-Pandemie seien laut Auskunft der Branche bei den G\u00e4sten meist auf grosse Akzeptanz gestossen. 83% der Befragten sagten demnach, dass die G\u00e4ste positiv auf die Schutzkonzepte reagiert h\u00e4tten. Allerdings h\u00e4tten die Umsetzung der Schutzmassnahmen und das daf\u00fcr notwendige zus\u00e4tzliche Personal zu \u00abnicht unerheblichen Mehrkosten\u00bb gef\u00fchrt, so ST. <\/span><\/span><\/span><\/p>\n<p><span><span><span>F\u00fcr die Sportferien sind die Hotelliers wenig optimistisch: In den Berggebieten liegt der aktuelle Buchungsstand laut ST f\u00fcr die Hotellogiern\u00e4chte im Februar 2021 bei 38% unter dem Vorjahr. Auch die Betreiber von touristischen Ausflugszielen und Attraktionen in den Bergen erwarten um ein Drittel tiefere Frequenzen als in der Vergleichsperiode. Negativ zu Buche schlagen d\u00fcrfte, dass Veranstaltungen, Gruppenausfl\u00fcge und Schullager ausfallen, heisst es bei ST.<\/span><\/span><\/span><\/p>\n","protected":false},"excerpt":{"rendered":"<p><span><span><span>Die Schweizer Tourismusbranche hat laut einer Umfrage von Schweiz Tourismus \u00fcber Weihnachten und Neujahr starke R\u00fcckg\u00e4nge verzeichnet. <\/span><\/span><\/span><\/p>\n","protected":false},"author":23,"featured_media":0,"comment_status":"closed","ping_status":"closed","sticky":false,"template":"","format":"standard","meta":{"_acf_changed":false,"footnotes":""},"categories":[5],"tags":[70],"class_list":["post-1145","post","type-post","status-publish","format-standard","hentry","category-ib","tag-studie-hotel"],"acf":[],"_links":{"self":[{"href":"https:\/\/develop.immobilienbusiness.ch\/de\/wp-json\/wp\/v2\/posts\/1145","targetHints":{"allow":["GET"]}}],"collection":[{"href":"https:\/\/develop.immobilienbusiness.ch\/de\/wp-json\/wp\/v2\/posts"}],"about":[{"href":"https:\/\/develop.immobilienbusiness.ch\/de\/wp-json\/wp\/v2\/types\/post"}],"author":[{"embeddable":true,"href":"https:\/\/develop.immobilienbusiness.ch\/de\/wp-json\/wp\/v2\/users\/23"}],"replies":[{"embeddable":true,"href":"https:\/\/develop.immobilienbusiness.ch\/de\/wp-json\/wp\/v2\/comments?post=1145"}],"version-history":[{"count":0,"href":"https:\/\/develop.immobilienbusiness.ch\/de\/wp-json\/wp\/v2\/posts\/1145\/revisions"}],"wp:attachment":[{"href":"https:\/\/develop.immobilienbusiness.ch\/de\/wp-json\/wp\/v2\/media?parent=1145"}],"wp:term":[{"taxonomy":"category","embeddable":true,"href":"https:\/\/develop.immobilienbusiness.ch\/de\/wp-json\/wp\/v2\/categories?post=1145"},{"taxonomy":"post_tag","embeddable":true,"href":"https:\/\/develop.immobilienbusiness.ch\/de\/wp-json\/wp\/v2\/tags?post=1145"}],"curies":[{"name":"wp","href":"https:\/\/api.w.org\/{rel}","templated":true}]}}