{"id":1124,"date":"2021-01-05T09:01:39","date_gmt":"2021-01-05T08:01:39","guid":{"rendered":"https:\/\/develop.immobilienbusiness.ch\/de\/allgemein\/2021-01-05\/sustainable-real-estate-switzerland-kauft-in-prilly-zu\/"},"modified":"2021-01-05T09:01:39","modified_gmt":"2021-01-05T08:01:39","slug":"sustainable-real-estate-switzerland-kauft-in-prilly-zu","status":"publish","type":"post","link":"https:\/\/develop.immobilienbusiness.ch\/de\/ib\/2021-01-05\/sustainable-real-estate-switzerland-kauft-in-prilly-zu\/","title":{"rendered":"Sustainable Real Estate Switzerland kauft in Prilly zu"},"content":{"rendered":"<p><span><span><span>Wie aus dem Quartalsbericht des Sustainable Real Estate Switzerland hervorgeht, ist der Vertrag \u00fcber den Terminkauf der Wohnliegenschaft in Prilly am 17. Dezember 2020 unterzeichnet worden. <\/span><\/span><\/span><\/p>\n<p><span><span><span>Die 2011 erstellte Liegenschaft befindet sich den Angaben zufolge nahe des Zentrums von Prilly und zeichnet sich durch eine gute Infrastruktur und eine gute Anbindung an den \u00f6ffentlichen Verkehr aus. Das Geb\u00e4ude ist nach Minergie zertifiziert und verf\u00fcgt \u00fcber acht Wohnungen und ebenso viele Tiefgaragenparkpl\u00e4tze. Beheizt wird das Objekt \u00fcber eine Erdsonden-W\u00e4rmepumpe mit Solarunterst\u00fctzung. <\/span><\/span><\/span><\/p>\n<p><span><span><span>Der Fonds investiert schweizweit in Geb\u00e4ude mit Schwerpunkt Wohnimmobilien, wobei alle Immobilien werden einer Nachhaltigkeitspr\u00fcfung unterzogen werden. Derzeit entfallen rund drei Viertel der Ist-Mietzinseinnahmen auf Wohnnutzung. Regionaler Schwerpunkt der Investments ist der Kanton Waadt mit rund einem Drittel des Immobilienverm\u00f6gens, gefolgt vom Kanton Z\u00fcrich mit 25 Prozent. Das Gesamtfondsverm\u00f6gen liegt den Angaben zufolge bei rund 305 Millionen CHF.<\/span><\/span><\/span><\/p>\n","protected":false},"excerpt":{"rendered":"<p><span><span><span>Der Immobilienfonds Sustainable Real Estate Switzerland hat im Dezember 2020 eine Wohnliegenschaft in Prilly (VD) erworben. Der Kaufpreis lag bei 8,9 Millionen CHF. <\/span><\/span><\/span><\/p>\n","protected":false},"author":23,"featured_media":0,"comment_status":"closed","ping_status":"closed","sticky":false,"template":"","format":"standard","meta":{"_acf_changed":false,"footnotes":""},"categories":[5],"tags":[35,4,44,41],"class_list":["post-1124","post","type-post","status-publish","format-standard","hentry","category-ib","tag-immobilienfonds","tag-mehrfamilienhaus-miete","tag-vd","tag-verkauf"],"acf":[],"_links":{"self":[{"href":"https:\/\/develop.immobilienbusiness.ch\/de\/wp-json\/wp\/v2\/posts\/1124","targetHints":{"allow":["GET"]}}],"collection":[{"href":"https:\/\/develop.immobilienbusiness.ch\/de\/wp-json\/wp\/v2\/posts"}],"about":[{"href":"https:\/\/develop.immobilienbusiness.ch\/de\/wp-json\/wp\/v2\/types\/post"}],"author":[{"embeddable":true,"href":"https:\/\/develop.immobilienbusiness.ch\/de\/wp-json\/wp\/v2\/users\/23"}],"replies":[{"embeddable":true,"href":"https:\/\/develop.immobilienbusiness.ch\/de\/wp-json\/wp\/v2\/comments?post=1124"}],"version-history":[{"count":0,"href":"https:\/\/develop.immobilienbusiness.ch\/de\/wp-json\/wp\/v2\/posts\/1124\/revisions"}],"wp:attachment":[{"href":"https:\/\/develop.immobilienbusiness.ch\/de\/wp-json\/wp\/v2\/media?parent=1124"}],"wp:term":[{"taxonomy":"category","embeddable":true,"href":"https:\/\/develop.immobilienbusiness.ch\/de\/wp-json\/wp\/v2\/categories?post=1124"},{"taxonomy":"post_tag","embeddable":true,"href":"https:\/\/develop.immobilienbusiness.ch\/de\/wp-json\/wp\/v2\/tags?post=1124"}],"curies":[{"name":"wp","href":"https:\/\/api.w.org\/{rel}","templated":true}]}}