{"id":1076,"date":"2020-12-16T09:31:58","date_gmt":"2020-12-16T08:31:58","guid":{"rendered":"https:\/\/develop.immobilienbusiness.ch\/de\/allgemein\/2020-12-16\/zurich-eiffage-suisse-baut-artisa-tower\/"},"modified":"2020-12-16T09:31:58","modified_gmt":"2020-12-16T08:31:58","slug":"zurich-eiffage-suisse-baut-artisa-tower","status":"publish","type":"post","link":"https:\/\/develop.immobilienbusiness.ch\/de\/ib\/2020-12-16\/zurich-eiffage-suisse-baut-artisa-tower\/","title":{"rendered":"Z\u00fcrich: Eiffage Suisse baut Artisa-Tower"},"content":{"rendered":"<p><span><span>Das als Immobilienentwickler- und Dienstleister t\u00e4tige Familienunternehmen Artisa mit Sitzen in Zug, Z\u00fcrich, Lugano, Lausanne und Frankfurt baut in Z\u00fcrich Oerlikon den 80 Meter hohen Artisa Tower. Mit der Realisation des Grossprojektes im Leutschenbach-Quartier wurde Eiffage Suisse als Totalunternehmer beauftragt.<\/span><\/span><\/p>\n<p><span><span>Im Wohnturm sollen rund 140 Wohnungen sowie ein Restaurant und Gewerbefl\u00e4chen Platz finden. Es wird 85 Wohnungen geben, mehrheitlich 2- und 3-Zimmer-Einheiten sowie wenige 4- und 5-Zimmer-Einheiten. 52 Wohnungen sind nach dem Micro-Living-Konzept der Artisa-Tochter City Pop eingerichtet; dabei handelt es sich um komplett m\u00f6blierte und ausgestattete sowie zwischen 21 und 60 qm grosse Studios, die f\u00fcr Zeitr\u00e4ume zwischen 4 und 52 Wochen buchbar sind. <\/span><\/span><\/p>\n<p><span><span>Insgesamt entstehen auf der rund 3.900 qm grosssen Grundst\u00fccksfl\u00e4che rund 17.770 qm Geb\u00e4ude- und knapp 11.000 qm Nutzfl\u00e4che. Umgeben werden soll der Turm von einer mehr als 2.500 qm grossen Parkanlage. Das Hochhaus, welches inklusive des Erdgeschosses mit Laden- und Gewerbefl\u00e4che sowie den drei Untergeschossen 26 Geschosse umfasst, wird um einem f\u00fcnfgeschossigen Sockelbau (mit Erdgeschoss-und Tiefparterre) im S\u00fcden und gegen Norden mit einem zweigeschossigen Sockelbau erg\u00e4nzt. Die Tiefgarage soll rund 127 Autoparkpl\u00e4tze, 280 Abstellpl\u00e4tze f\u00fcr leichte Zweir\u00e4der und sieben Motorradabstellpl\u00e4tze sowie Schutzr\u00e4ume bieten. Als Einzugstermin wird April 2023 anvisiert. <\/span><\/span><\/p>\n","protected":false},"excerpt":{"rendered":"<p><span><span>Bis 2023 entsteht im Z\u00fcrcher Leutschenbach-Quartier ein 80 Meter hoher<\/span><\/span><span><span> Wohnturm der europaweit t\u00e4tigen Immobiliengruppe Artisa Group AG. Mit der Realisation des Grossprojekts wurde Eiffage Suisse beauftragt. <\/span><\/span><br \/>\n\u00a0<\/p>\n","protected":false},"author":24,"featured_media":0,"comment_status":"closed","ping_status":"closed","sticky":false,"template":"","format":"standard","meta":{"_acf_changed":false,"footnotes":""},"categories":[5],"tags":[19,4,55,16,17,42],"class_list":["post-1076","post","type-post","status-publish","format-standard","hentry","category-ib","tag-in-bau","tag-mehrfamilienhaus-miete","tag-micro-living","tag-retail","tag-verfugbare-flache","tag-zh"],"acf":[],"_links":{"self":[{"href":"https:\/\/develop.immobilienbusiness.ch\/de\/wp-json\/wp\/v2\/posts\/1076","targetHints":{"allow":["GET"]}}],"collection":[{"href":"https:\/\/develop.immobilienbusiness.ch\/de\/wp-json\/wp\/v2\/posts"}],"about":[{"href":"https:\/\/develop.immobilienbusiness.ch\/de\/wp-json\/wp\/v2\/types\/post"}],"author":[{"embeddable":true,"href":"https:\/\/develop.immobilienbusiness.ch\/de\/wp-json\/wp\/v2\/users\/24"}],"replies":[{"embeddable":true,"href":"https:\/\/develop.immobilienbusiness.ch\/de\/wp-json\/wp\/v2\/comments?post=1076"}],"version-history":[{"count":0,"href":"https:\/\/develop.immobilienbusiness.ch\/de\/wp-json\/wp\/v2\/posts\/1076\/revisions"}],"wp:attachment":[{"href":"https:\/\/develop.immobilienbusiness.ch\/de\/wp-json\/wp\/v2\/media?parent=1076"}],"wp:term":[{"taxonomy":"category","embeddable":true,"href":"https:\/\/develop.immobilienbusiness.ch\/de\/wp-json\/wp\/v2\/categories?post=1076"},{"taxonomy":"post_tag","embeddable":true,"href":"https:\/\/develop.immobilienbusiness.ch\/de\/wp-json\/wp\/v2\/tags?post=1076"}],"curies":[{"name":"wp","href":"https:\/\/api.w.org\/{rel}","templated":true}]}}