{"id":1061,"date":"2020-12-14T09:39:08","date_gmt":"2020-12-14T08:39:08","guid":{"rendered":"https:\/\/develop.immobilienbusiness.ch\/de\/allgemein\/2020-12-14\/sarnen-wettbewerb-fur-psychiatrie-erweiterung-ist-entschieden\/"},"modified":"2020-12-14T09:39:08","modified_gmt":"2020-12-14T08:39:08","slug":"sarnen-wettbewerb-fur-psychiatrie-erweiterung-ist-entschieden","status":"publish","type":"post","link":"https:\/\/develop.immobilienbusiness.ch\/de\/ib\/2020-12-14\/sarnen-wettbewerb-fur-psychiatrie-erweiterung-ist-entschieden\/","title":{"rendered":"Sarnen: Wettbewerb f\u00fcr Psychiatrie-Erweiterung ist entschieden"},"content":{"rendered":"<p><span><span><span>Hintergrund der Neubaupl\u00e4ne ist die Organisation der psychiatrischen Versorgung im Kanton Obwalden: Denn seit 2017 stellt die Luzerner Psychiatrie (Lups) die psychiatrische Versorgung der Kantone Luzern, Nidwalden und Obwalden sicher. Laut Zusammenarbeitsvertrag muss der Kanton Obwalden der Lups R\u00e4umlichkeiten f\u00fcr die psychiatrische Grundversorgung am Standort Sarnen gegen eine Miete zur Verf\u00fcgung stellen und die dringlich notwendige Renovation des Psychiatriegeb\u00e4udes bis Ende 2024 vornehmen. <\/span><\/span><\/span><\/p>\n<p><span><span><span>An einem Projektwettbewerb haben sich nach Angaben des Kantons Obwalden 24 Planerteams beteiligt. Den ersten Preis hat das Projekt &#8222;Aurorafalter&#8220; der Luzerner Sigrist und Schweizer Architekten AG erhalten. Das Siegerprojekt zeichne sich durch einen behutsamen Umgang mit dem denkmalgesch\u00fctzten Geb\u00e4ude aus, so der Kanton. Die Grundkonzeption basiere im Wesentlichen auf Rekonstruktion und Reparatur, insbesondere im Bereich der Fassade und ihrem Erscheinungsbild. Die augenf\u00e4lligste Massnahme betrifft indes die neue Dachgestaltung: \u00abMit dem Mansardengeschoss werden auf plausible, einfache, aber durchaus \u00fcberraschend kreative Art und Weise die urspr\u00fcnglichen Geb\u00e4udeproportionen wiederhergestellt\u00bb, kommentiert Kantonsarchitektin Camille Stockmann das Siegerprojekt.<\/span><\/span><\/span><\/p>\n<p><span><span><span>Um das Projekt weiterzubearbeiten, beantragt der Regierungsrat dem Kantonsrat einen Planungskredit von 1 Million CHF, \u00fcber den am 28. Januar 2021 befunden werden soll. Die Gesamtkosten f\u00fcr die Sanierung und Erweiterung der Psychiatrie Sarnen werden auf 15,2 Millionen gesch\u00e4tzt. <\/span><\/span><\/span><\/p>\n<p><span><span><span>W\u00e4hrend der rund zweij\u00e4hrigen Bauarbeiten soll die Psychiatrie in die Unterkunft Freiteil in unmittelbarer N\u00e4he zum Spitalareal verlegt werden. Dazu sind im Innern des Geb\u00e4udes bauliche Massnahmen notwendig, zudem soll der Aussenbereich umgestaltet werden \u2013 die Gesamtinvestitionen liegen laut Kanton bei rund 1,4 Millionen. Geplant ist, dass die \u00dcbergangsl\u00f6sung in der Unterkunft Freiteil im Sommer 2022 und das frisch sanierte Psychiatriegeb\u00e4ude im Sommer 2024 bezogen werden k\u00f6nnen.<\/span><\/span><\/span><\/p>\n","protected":false},"excerpt":{"rendered":"<p><span><span><span>Die Luzerner Sigrist und Schweizer Architekten AG hat den Projektwettbewerb f\u00fcr die geplante Sanierung und Erweiterung der Psychiatrie in Sarnen (OW) gewonnen. <\/span><\/span><\/span><\/p>\n","protected":false},"author":23,"featured_media":0,"comment_status":"closed","ping_status":"closed","sticky":false,"template":"","format":"standard","meta":{"_acf_changed":false,"footnotes":""},"categories":[5],"tags":[12,11,8],"class_list":["post-1061","post","type-post","status-publish","format-standard","hentry","category-ib","tag-healthcare","tag-in-planung","tag-ow"],"acf":[],"_links":{"self":[{"href":"https:\/\/develop.immobilienbusiness.ch\/de\/wp-json\/wp\/v2\/posts\/1061","targetHints":{"allow":["GET"]}}],"collection":[{"href":"https:\/\/develop.immobilienbusiness.ch\/de\/wp-json\/wp\/v2\/posts"}],"about":[{"href":"https:\/\/develop.immobilienbusiness.ch\/de\/wp-json\/wp\/v2\/types\/post"}],"author":[{"embeddable":true,"href":"https:\/\/develop.immobilienbusiness.ch\/de\/wp-json\/wp\/v2\/users\/23"}],"replies":[{"embeddable":true,"href":"https:\/\/develop.immobilienbusiness.ch\/de\/wp-json\/wp\/v2\/comments?post=1061"}],"version-history":[{"count":0,"href":"https:\/\/develop.immobilienbusiness.ch\/de\/wp-json\/wp\/v2\/posts\/1061\/revisions"}],"wp:attachment":[{"href":"https:\/\/develop.immobilienbusiness.ch\/de\/wp-json\/wp\/v2\/media?parent=1061"}],"wp:term":[{"taxonomy":"category","embeddable":true,"href":"https:\/\/develop.immobilienbusiness.ch\/de\/wp-json\/wp\/v2\/categories?post=1061"},{"taxonomy":"post_tag","embeddable":true,"href":"https:\/\/develop.immobilienbusiness.ch\/de\/wp-json\/wp\/v2\/tags?post=1061"}],"curies":[{"name":"wp","href":"https:\/\/api.w.org\/{rel}","templated":true}]}}