{"id":1047,"date":"2020-12-11T08:59:59","date_gmt":"2020-12-11T07:59:59","guid":{"rendered":"https:\/\/develop.immobilienbusiness.ch\/de\/allgemein\/2020-12-11\/ebikon-mall-of-switzerland-mit-umsatzplus-im-dritten-quartal\/"},"modified":"2020-12-11T08:59:59","modified_gmt":"2020-12-11T07:59:59","slug":"ebikon-mall-of-switzerland-mit-umsatzplus-im-dritten-quartal","status":"publish","type":"post","link":"https:\/\/develop.immobilienbusiness.ch\/de\/ib\/2020-12-11\/ebikon-mall-of-switzerland-mit-umsatzplus-im-dritten-quartal\/","title":{"rendered":"Ebikon: Mall of Switzerland mit Umsatzplus im dritten Quartal"},"content":{"rendered":"<p><span><span><span>Jessica Janssen, seit 1. Dezember 2020 neue Centerleiterin der Mall of Switzerland, <a href=\"https:\/\/www.luzernerzeitung.ch\/zentralschweiz\/luzern\/ebikon-schleudersitz-oder-traumstelle-neue-mall-chefin-spricht-erstmals-ueber-ihre-center-plaene-ld.2071377\">sagte in einem Interview mit der <em>Luzerner Zeitung<\/em><\/a>, die Besucherfrequenz in dem Center sei in diesem Jahr coronabedingt zwar etwas tiefer als im Vorjahr. Der Umsatz sei im dritten Quartal jedoch gegen\u00fcber dem Vorjahreszeitraum um 10% angestiegen. Dazu h\u00e4tten vor allem der Bereich Food beigetragen, aber auch die Bereiche Einrichtung und Mode. Effektive Zahlen wollte Janssen nicht nennen, dies sei eine Vorgabe des Eigent\u00fcmers. <\/span><\/span><\/span><\/p>\n<p><span><span><span>Derzeit sind der Centerleiterin zufolge 84% der insgesamt 65.000 qm Ladenfl\u00e4chen vermietet. Es st\u00fcnden mehr kleine Ladenlokale leer, daf\u00fcr seien vor allem grosse Fl\u00e4chen vermietet worden. Da die Mieter sich derzeit eher f\u00fcr gr\u00f6ssere Fl\u00e4chen interessierten, wolle man Fl\u00e4chen optimieren und Ladenlokale zusammenlegen.<\/span><\/span><\/span><\/p>\n<p><span><span><span>In diesem Jahr haben dem Zeitungsbericht zufolge unter anderem Bata und ein Restaurant ihre Standorte in der Mall of Switerzland aufgegeben. Dagegen seien neue Mieter wie Petfriends.ch hinzugekommen. Weiterhin stehe ein Grossteil der obersten Etage seit der Er\u00f6ffnung der Mall leer. Hier suche man weiterhin Mieter, so Janssen. Sie wolle auch neue Konzepte umsetzen, etwa eine Plattform f\u00fcr K\u00fcnstler. <\/span><\/span><\/span><\/p>\n","protected":false},"excerpt":{"rendered":"<p><span><span><span>Die Mall of Switzerland in Ebikon (LU), das zweitgr\u00f6sste Shopping- und Freizeitzentrum der Schweiz, hat im dritten Quartal 2020 den Umsatz gegen\u00fcber dem Vorjahr um 10% gesteigert. Zugleich stehen noch immer Fl\u00e4chen in der Mall leer.<\/span><\/span><\/span><\/p>\n","protected":false},"author":23,"featured_media":0,"comment_status":"closed","ping_status":"closed","sticky":false,"template":"","format":"standard","meta":{"_acf_changed":false,"footnotes":""},"categories":[5],"tags":[10,16,17],"class_list":["post-1047","post","type-post","status-publish","format-standard","hentry","category-ib","tag-lu","tag-retail","tag-verfugbare-flache"],"acf":[],"_links":{"self":[{"href":"https:\/\/develop.immobilienbusiness.ch\/de\/wp-json\/wp\/v2\/posts\/1047","targetHints":{"allow":["GET"]}}],"collection":[{"href":"https:\/\/develop.immobilienbusiness.ch\/de\/wp-json\/wp\/v2\/posts"}],"about":[{"href":"https:\/\/develop.immobilienbusiness.ch\/de\/wp-json\/wp\/v2\/types\/post"}],"author":[{"embeddable":true,"href":"https:\/\/develop.immobilienbusiness.ch\/de\/wp-json\/wp\/v2\/users\/23"}],"replies":[{"embeddable":true,"href":"https:\/\/develop.immobilienbusiness.ch\/de\/wp-json\/wp\/v2\/comments?post=1047"}],"version-history":[{"count":0,"href":"https:\/\/develop.immobilienbusiness.ch\/de\/wp-json\/wp\/v2\/posts\/1047\/revisions"}],"wp:attachment":[{"href":"https:\/\/develop.immobilienbusiness.ch\/de\/wp-json\/wp\/v2\/media?parent=1047"}],"wp:term":[{"taxonomy":"category","embeddable":true,"href":"https:\/\/develop.immobilienbusiness.ch\/de\/wp-json\/wp\/v2\/categories?post=1047"},{"taxonomy":"post_tag","embeddable":true,"href":"https:\/\/develop.immobilienbusiness.ch\/de\/wp-json\/wp\/v2\/tags?post=1047"}],"curies":[{"name":"wp","href":"https:\/\/api.w.org\/{rel}","templated":true}]}}